{"id":51072,"date":"2021-01-03T10:49:05","date_gmt":"2021-01-03T09:49:05","guid":{"rendered":"https:\/\/www.messinaoggi.it\/website\/?p=51072"},"modified":"2021-01-03T10:49:05","modified_gmt":"2021-01-03T09:49:05","slug":"pirlo-riunione-produttiva-con-la-squadra-gennaio-sara-importante","status":"publish","type":"post","link":"https:\/\/www.messinaoggi.it\/website\/2021\/01\/03\/pirlo-riunione-produttiva-con-la-squadra-gennaio-sara-importante\/","title":{"rendered":"Pirlo \u201cRiunione produttiva con la squadra, gennaio sar\u00e0 importante\u201d"},"content":{"rendered":"<div>TORINO (ITALPRESS) &#8211; &#8220;Abbiamo parlato della partita fatta contro la Fiorentina, che \u00e8 stata completamente sbagliata, dall&#8217;atteggiamento a tutto. Non dovevamo finire il 2020 in quel modo ma c&#8217;\u00e8 stata una bella riunione, produttiva, dove abbiamo discusso anche degli obiettivi futuri. Ho trovato una squadra vogliosa di rifarsi&#8221;. Andrea Pirlo \u00e8 convinto che la lezione ricevuta prima della sosta servir\u00e0 alla Juve, pronta a cancellare lo 0-3 contro la Fiorentina gi\u00e0 domani contro l&#8217;Udinese. &#8220;Ma sar\u00e0 una partita difficile, contro una squadra che sta attraversando un buon momento &#8211; continua ai microfoni di Juventus Tv &#8211; L&#8217;Udinese \u00e8 molto ben organizzata, molto fisica, con giocatori bravi nelle ripartenze. Sar\u00e0 una partita molto difficile&#8221;. L&#8217;auspicio di Pirlo \u00e8 &#8220;non vedere pi\u00f9 partite come quella con la Fiorentina ma per il resto abbiamo fatto un buon cammino, in crescendo, migliorando in tanti aspetti. E si pu\u00f2 fare ancora meglio&#8221;. Incurante delle critiche (&#8220;quando alleni un giorno sei alle stelle e il giorno dopo non hai fatto niente di bello ma c&#8217;ero abituato gi\u00e0 da calciatore. Facendo l&#8217;allenatore della Juve vai incontro a tante difficolt\u00e0, devi prenderti tante responsabilit\u00e0 ma sono pronto anche per questo&#8221;), Pirlo sa che &#8220;gennaio sar\u00e0 un mese molto importante, con molte partite, tante competizioni visto che ci sar\u00e0 anche la finale di Supercoppa Italiana. Dovremo affrontarlo al meglio e ci sar\u00e0 spazio per tutti&#8221;.<br \/>\n(ITALPRESS).<\/div>\n<div id=\"div-gpt-ad-Messinaoggi.it-DSK-300x250-corpoart\" style=\"text-align:center;margin:0 auto;\"><\/div><\/p><div id=\"videoincontent\" style=\"clear:both\";><\/div>","protected":false},"excerpt":{"rendered":"<p>TORINO (ITALPRESS) &#8211; &#8220;Abbiamo parlato della partita fatta contro la Fiorentina, che \u00e8 stata completamente sbagliata, dall&#8217;atteggiamento a tutto. Non dovevamo finire il 2020 in quel modo ma c&#8217;\u00e8 stata una bella riunione, produttiva, dove abbiamo discusso anche degli obiettivi futuri. Ho trovato una squadra vogliosa di rifarsi&#8221;. Andrea Pirlo \u00e8 convinto che la lezione [&hellip;]<\/p>\n","protected":false},"author":2,"featured_media":51073,"comment_status":"closed","ping_status":"closed","sticky":false,"template":"","format":"standard","meta":{"ub_ctt_via":"","_mi_skip_tracking":false},"categories":[10,446],"tags":[],"featured_image_src":"https:\/\/www.messinaoggi.it\/website\/wp-content\/uploads\/2021\/01\/20210102_1521.jpg","author_info":{"display_name":"Redazione","author_link":"https:\/\/www.messinaoggi.it\/website\/author\/redazione\/"},"digistream_id":0,"digistream":false,"_links":{"self":[{"href":"https:\/\/www.messinaoggi.it\/website\/wp-json\/wp\/v2\/posts\/51072"}],"collection":[{"href":"https:\/\/www.messinaoggi.it\/website\/wp-json\/wp\/v2\/posts"}],"about":[{"href":"https:\/\/www.messinaoggi.it\/website\/wp-json\/wp\/v2\/types\/post"}],"author":[{"embeddable":true,"href":"https:\/\/www.messinaoggi.it\/website\/wp-json\/wp\/v2\/users\/2"}],"replies":[{"embeddable":true,"href":"https:\/\/www.messinaoggi.it\/website\/wp-json\/wp\/v2\/comments?post=51072"}],"version-history":[{"count":0,"href":"https:\/\/www.messinaoggi.it\/website\/wp-json\/wp\/v2\/posts\/51072\/revisions"}],"wp:featuredmedia":[{"embeddable":true,"href":"https:\/\/www.messinaoggi.it\/website\/wp-json\/wp\/v2\/media\/51073"}],"wp:attachment":[{"href":"https:\/\/www.messinaoggi.it\/website\/wp-json\/wp\/v2\/media?parent=51072"}],"wp:term":[{"taxonomy":"category","embeddable":true,"href":"https:\/\/www.messinaoggi.it\/website\/wp-json\/wp\/v2\/categories?post=51072"},{"taxonomy":"post_tag","embeddable":true,"href":"https:\/\/www.messinaoggi.it\/website\/wp-json\/wp\/v2\/tags?post=51072"}],"curies":[{"name":"wp","href":"https:\/\/api.w.org\/{rel}","templated":true}]}}