{"id":51066,"date":"2021-01-03T10:51:41","date_gmt":"2021-01-03T09:51:41","guid":{"rendered":"https:\/\/www.messinaoggi.it\/website\/?p=51066"},"modified":"2021-01-03T10:51:41","modified_gmt":"2021-01-03T09:51:41","slug":"pioli-sara-una-stagione-stimolante-2020-positivo-e-importante","status":"publish","type":"post","link":"https:\/\/www.messinaoggi.it\/website\/2021\/01\/03\/pioli-sara-una-stagione-stimolante-2020-positivo-e-importante\/","title":{"rendered":"Pioli \u201cSar\u00e0 una stagione stimolante, 2020 positivo e importante\u201d"},"content":{"rendered":"<div>MILANO (ITALPRESS) &#8211; &#8220;Affrontiamo una squadra in condizione e ben allenata, servir\u00e0 approcciare bene la gara. Dovremo giocare da Milan&#8221;. Questo il pensiero del tecnico rossonero, Stefano Pioli, in vista della sfida contro il Benevento. &#8220;Abbiamo delle fondamenta ma dobbiamo continuare a crescere e migliorare. Nella mia testa c&#8217;\u00e8 l&#8217;obiettivo della gara di domani. Il 2020 \u00e8 stato importante e positivo, non per merito mio ma per tutte le componenti che hanno dato il massimo&#8221;. &#8220;Sar\u00e0 una stagione bella e stimolante tra campionato, Europa League e Coppa Italia &#8211; ha sottolineato Pioli -. Sarebbe fantastico in questo momento giocare con i nostri tifosi al seguito&#8221;. L&#8217;allenatore rossonero, parlando degli infortuni, ha preferito non dare delle tempistiche sui rientri: &#8220;Castillejo sar\u00e0 convocato e con lui anche Kjaer, gli altri stanno cercando di recuperare, non so dire la tempistica giusta. Hanno avuto infortuni muscolari. Oggi \u00e8 difficile fare delle previsioni&#8221;. Pioli si \u00e8 poi soffermato anche sull&#8217;organico e sull&#8217;imminente inizio della campagna trasferimenti: &#8220;Stiamo pagando un momento delicato. Dobbiamo recuperare gli infortunati, quando sono tutti a disposizione penso di avere una rosa all&#8217;altezza per fare bene in tutte le competizioni. Il club \u00e8 pronto a cogliere occasioni per migliorare ulteriormente l&#8217;organico&#8221;. Infine, sulle polemiche per la partecipazione di Ibrahimovic a Sanremo, Pioli ha chiosato: &#8220;Zlatan \u00e8 concentrato pi\u00f9 sul suo rientro che su Sanremo. E&#8217; un ragazzo maniacale nella preparazione. Sar\u00e0 motivato e mi aspetto un Ibra pronto ad aiutarci&#8221;, ha concluso l&#8217;allenatore del Milan.<br \/>\n(ITALPRESS).<\/div>\n<div id=\"div-gpt-ad-Messinaoggi.it-DSK-300x250-corpoart\" style=\"text-align:center;margin:0 auto;\"><\/div><\/p><div id=\"videoincontent\" style=\"clear:both\";><\/div>","protected":false},"excerpt":{"rendered":"<p>MILANO (ITALPRESS) &#8211; &#8220;Affrontiamo una squadra in condizione e ben allenata, servir\u00e0 approcciare bene la gara. Dovremo giocare da Milan&#8221;. Questo il pensiero del tecnico rossonero, Stefano Pioli, in vista della sfida contro il Benevento. &#8220;Abbiamo delle fondamenta ma dobbiamo continuare a crescere e migliorare. Nella mia testa c&#8217;\u00e8 l&#8217;obiettivo della gara di domani. Il [&hellip;]<\/p>\n","protected":false},"author":2,"featured_media":51067,"comment_status":"closed","ping_status":"closed","sticky":false,"template":"","format":"standard","meta":{"ub_ctt_via":"","_mi_skip_tracking":false},"categories":[10,446],"tags":[],"featured_image_src":"https:\/\/www.messinaoggi.it\/website\/wp-content\/uploads\/2021\/01\/20210102_1014.jpg","author_info":{"display_name":"Redazione","author_link":"https:\/\/www.messinaoggi.it\/website\/author\/redazione\/"},"digistream_id":0,"digistream":false,"_links":{"self":[{"href":"https:\/\/www.messinaoggi.it\/website\/wp-json\/wp\/v2\/posts\/51066"}],"collection":[{"href":"https:\/\/www.messinaoggi.it\/website\/wp-json\/wp\/v2\/posts"}],"about":[{"href":"https:\/\/www.messinaoggi.it\/website\/wp-json\/wp\/v2\/types\/post"}],"author":[{"embeddable":true,"href":"https:\/\/www.messinaoggi.it\/website\/wp-json\/wp\/v2\/users\/2"}],"replies":[{"embeddable":true,"href":"https:\/\/www.messinaoggi.it\/website\/wp-json\/wp\/v2\/comments?post=51066"}],"version-history":[{"count":0,"href":"https:\/\/www.messinaoggi.it\/website\/wp-json\/wp\/v2\/posts\/51066\/revisions"}],"wp:featuredmedia":[{"embeddable":true,"href":"https:\/\/www.messinaoggi.it\/website\/wp-json\/wp\/v2\/media\/51067"}],"wp:attachment":[{"href":"https:\/\/www.messinaoggi.it\/website\/wp-json\/wp\/v2\/media?parent=51066"}],"wp:term":[{"taxonomy":"category","embeddable":true,"href":"https:\/\/www.messinaoggi.it\/website\/wp-json\/wp\/v2\/categories?post=51066"},{"taxonomy":"post_tag","embeddable":true,"href":"https:\/\/www.messinaoggi.it\/website\/wp-json\/wp\/v2\/tags?post=51066"}],"curies":[{"name":"wp","href":"https:\/\/api.w.org\/{rel}","templated":true}]}}