{"id":51064,"date":"2021-01-03T10:48:47","date_gmt":"2021-01-03T09:48:47","guid":{"rendered":"https:\/\/www.messinaoggi.it\/website\/?p=51064"},"modified":"2021-01-03T10:48:47","modified_gmt":"2021-01-03T09:48:47","slug":"fonseca-roma-pronta-e-motivata-zaniolo-non-entro-nella-vita-privata","status":"publish","type":"post","link":"https:\/\/www.messinaoggi.it\/website\/2021\/01\/03\/fonseca-roma-pronta-e-motivata-zaniolo-non-entro-nella-vita-privata\/","title":{"rendered":"Fonseca \u201cRoma pronta e motivata, Zaniolo? Non entro nella vita privata\u201d"},"content":{"rendered":"<div>ROMA (ITALPRESS) &#8211; Sfatare il tab\u00f9 del nuovo anno e continuare a sognare in grande nei piani alti della classifica. Nel match di domenica all&#8217;Olimpico la Roma si prepara a sfidare la Sampdoria dell&#8217;ex Claudio Ranieri con l&#8217;obiettivo di trovare quella continuit\u00e0 che nel gennaio scorso manc\u00f2. Un anno fa la squadra di Fonseca sub\u00ec due sconfitte in casa contro Torino e Juventus nelle prime due gare del 2020 e rallent\u00f2 la sua corsa. Oggi, la Roma vuole imparare dai suoi errori. Ma dovr\u00e0 farlo senza Spinazzola e Pedro, entrambi infortunati come Mirante, Calafiori e il lungodegente Zaniolo che in settimana ha tenuto banco per notizie fuori dal campo: &#8220;Non entro nella vita privata dei calciatori, Nicol\u00f2 quando si allena \u00e8 un professionista&#8221;, ha tagliato corto Paulo Fonseca in conferenza stampa prima di soffermarsi sul match contro i blucerchiati: &#8220;La squadra sta bene. Siamo motivati, ci siamo allenati bene in questi giorni e siamo pronti per iniziare l&#8217;anno nel modo migliore. La Sampdoria sta facendo un grande campionato e Ranieri \u00e8 un ottimo allenatore. Mi aspetto una partita davvero difficile contro una grande squadra che ha sempre giocato bene contro le grandi&#8221;.<br \/>\nLa Roma si affider\u00e0 ad Edin Dzeko, in gol in cinque delle prime undici presenze in questo campionato. Solo nel 2016\/17 il bosniaco ha saputo fare meglio e all&#8217;Olimpico andr\u00e0 in scena la sfida nella sfida contro Quagliarella: &#8220;Per me i calciatori non hanno et\u00e0 &#8211; ha spiegato il portoghese &#8211; Se gli over 30 continuano a essere decisivi in Italia, \u00e8 perch\u00e8 sono buoni professionisti&#8221;.<br \/>\n(ITALPRESS).<\/div>\n<div id=\"div-gpt-ad-Messinaoggi.it-DSK-300x250-corpoart\" style=\"text-align:center;margin:0 auto;\"><\/div><\/p><div id=\"videoincontent\" style=\"clear:both\";><\/div>","protected":false},"excerpt":{"rendered":"<p>ROMA (ITALPRESS) &#8211; Sfatare il tab\u00f9 del nuovo anno e continuare a sognare in grande nei piani alti della classifica. Nel match di domenica all&#8217;Olimpico la Roma si prepara a sfidare la Sampdoria dell&#8217;ex Claudio Ranieri con l&#8217;obiettivo di trovare quella continuit\u00e0 che nel gennaio scorso manc\u00f2. Un anno fa la squadra di Fonseca sub\u00ec [&hellip;]<\/p>\n","protected":false},"author":2,"featured_media":51065,"comment_status":"closed","ping_status":"closed","sticky":false,"template":"","format":"standard","meta":{"ub_ctt_via":"","_mi_skip_tracking":false},"categories":[10,446],"tags":[],"featured_image_src":"https:\/\/www.messinaoggi.it\/website\/wp-content\/uploads\/2021\/01\/20210102_0947.jpg","author_info":{"display_name":"Redazione","author_link":"https:\/\/www.messinaoggi.it\/website\/author\/redazione\/"},"digistream_id":0,"digistream":false,"_links":{"self":[{"href":"https:\/\/www.messinaoggi.it\/website\/wp-json\/wp\/v2\/posts\/51064"}],"collection":[{"href":"https:\/\/www.messinaoggi.it\/website\/wp-json\/wp\/v2\/posts"}],"about":[{"href":"https:\/\/www.messinaoggi.it\/website\/wp-json\/wp\/v2\/types\/post"}],"author":[{"embeddable":true,"href":"https:\/\/www.messinaoggi.it\/website\/wp-json\/wp\/v2\/users\/2"}],"replies":[{"embeddable":true,"href":"https:\/\/www.messinaoggi.it\/website\/wp-json\/wp\/v2\/comments?post=51064"}],"version-history":[{"count":0,"href":"https:\/\/www.messinaoggi.it\/website\/wp-json\/wp\/v2\/posts\/51064\/revisions"}],"wp:featuredmedia":[{"embeddable":true,"href":"https:\/\/www.messinaoggi.it\/website\/wp-json\/wp\/v2\/media\/51065"}],"wp:attachment":[{"href":"https:\/\/www.messinaoggi.it\/website\/wp-json\/wp\/v2\/media?parent=51064"}],"wp:term":[{"taxonomy":"category","embeddable":true,"href":"https:\/\/www.messinaoggi.it\/website\/wp-json\/wp\/v2\/categories?post=51064"},{"taxonomy":"post_tag","embeddable":true,"href":"https:\/\/www.messinaoggi.it\/website\/wp-json\/wp\/v2\/tags?post=51064"}],"curies":[{"name":"wp","href":"https:\/\/api.w.org\/{rel}","templated":true}]}}