{"id":51045,"date":"2021-01-02T14:24:26","date_gmt":"2021-01-02T13:24:26","guid":{"rendered":"https:\/\/www.messinaoggi.it\/website\/?p=51045"},"modified":"2021-01-02T14:24:26","modified_gmt":"2021-01-02T13:24:26","slug":"covid-famiglia-sommersa-di-rifiuti-abbandonati-da-asp-e-sindaco","status":"publish","type":"post","link":"https:\/\/www.messinaoggi.it\/website\/2021\/01\/02\/covid-famiglia-sommersa-di-rifiuti-abbandonati-da-asp-e-sindaco\/","title":{"rendered":"Covid, famiglia sommersa di rifiuti: &quot;Abbandonati da Asp e sindaco&quot;"},"content":{"rendered":"<p>Dimenticati per 15 giorni dalle Istituzioni, nonostante gli appelli e le richieste di aiuto. Una famiglia di via Palermo, con figlia di 5 anni positiva al Covid dal 18 dicembre scorso, mamma in attesa dell&#8217;esito del tampone cui \u00e8 stata sottoposta il 21 dicembre, e una neonata di appena 11 mesi.<br \/>\nIl caso sarebbe meritevole di una diretta del sindaco (ma in questo caso non si tratta di una persona candidata nelle liste di De Luca), ma solo la pervicacia della donna ha permesso di risolvere il problema dei rifiuti dopo 15 giorni di totale abbandono. La vicenda si \u00e8 sbloccata questa mattina, quando il personale addetto si \u00e8 recato al domicilio della famigliola per prelevare i rifiuti accatastati sul balcone di casa.<br \/>\n<img loading=\"lazy\" class=\"size-medium wp-image-51044 alignright\" src=\"https:\/\/www.messinaoggi.it\/website\/wp-content\/uploads\/2021\/01\/1CA47A2B-3755-439E-8E1B-15A752ED5027-169x300.jpeg\" alt=\"\" width=\"169\" height=\"300\" \/><br \/>\nTanti rifiuti perch\u00e9 in quella casa oltre a una bimba positiva e una mamma in attesa dell&#8217;esito del tampone, vi \u00e8 una neonata che produce tanti rifiuti. La disperazione della donna \u00e8 giunta alla nostra redazione e con molta dignit\u00e0 la giovane mamma ci ha chiesto di portare all&#8217;attenzione dell&#8217;opinione pubblica la vicenda.<br \/>\nIl Covid ha fatto ingresso in quella casa per il contagio della piccola di quasi sei anni che frequenta la prima elementare alla Crispi. &#8220;Mia figlia accusava dei sintomi come mal di testa e dopo che siamo venuti a conoscenza di altri casi sempre nella stessa scuola, abbiamo fatto il tampone. Purtroppo \u00e8 risultato positivo, io ancora aspetto l&#8217;esito dal 21 dicembre: telefono giornalmente all&#8217;Asp ma mi dicono che non \u00e8 pronto. A ci\u00f2 si aggiunga il problema dei rifiuti che solo oggi hanno prelevato dopo 15 giorni di isolamento. Mi chiedo se i cittadini per il sindaco sono tutti uguali perch\u00e9 in altre occasioni lo abbiamo visto protagonista di dirette Fb&#8221;.<br \/>\nNelle parole della giovane mamma c&#8217;\u00e8 tutta l&#8217;amarezza per un abbandono da parte delle Istituzioni, che a Messina evidentemente funzionano a corrente alternata.<div id=\"div-gpt-ad-Messinaoggi.it-DSK-300x250-corpoart\" style=\"text-align:center;margin:0 auto;\"><\/div><\/p>\n<div id=\"videoincontent\" style=\"clear:both\";><\/div>","protected":false},"excerpt":{"rendered":"<p>Dimenticati per 15 giorni dalle Istituzioni, nonostante gli appelli e le richieste di aiuto. Una famiglia di via Palermo, con figlia di 5 anni positiva al Covid dal 18 dicembre scorso, mamma in attesa dell&#8217;esito del tampone cui \u00e8 stata sottoposta il 21 dicembre, e una neonata di appena 11 mesi. Il caso sarebbe meritevole [&hellip;]<\/p>\n","protected":false},"author":2,"featured_media":51043,"comment_status":"closed","ping_status":"closed","sticky":false,"template":"","format":"standard","meta":{"ub_ctt_via":"","_mi_skip_tracking":false},"categories":[5,19],"tags":[],"featured_image_src":"https:\/\/www.messinaoggi.it\/website\/wp-content\/uploads\/2021\/01\/91C5321F-0B8B-4FCD-A852-851CD607E2C5.jpeg","author_info":{"display_name":"Redazione","author_link":"https:\/\/www.messinaoggi.it\/website\/author\/redazione\/"},"digistream_id":0,"digistream":false,"_links":{"self":[{"href":"https:\/\/www.messinaoggi.it\/website\/wp-json\/wp\/v2\/posts\/51045"}],"collection":[{"href":"https:\/\/www.messinaoggi.it\/website\/wp-json\/wp\/v2\/posts"}],"about":[{"href":"https:\/\/www.messinaoggi.it\/website\/wp-json\/wp\/v2\/types\/post"}],"author":[{"embeddable":true,"href":"https:\/\/www.messinaoggi.it\/website\/wp-json\/wp\/v2\/users\/2"}],"replies":[{"embeddable":true,"href":"https:\/\/www.messinaoggi.it\/website\/wp-json\/wp\/v2\/comments?post=51045"}],"version-history":[{"count":0,"href":"https:\/\/www.messinaoggi.it\/website\/wp-json\/wp\/v2\/posts\/51045\/revisions"}],"wp:featuredmedia":[{"embeddable":true,"href":"https:\/\/www.messinaoggi.it\/website\/wp-json\/wp\/v2\/media\/51043"}],"wp:attachment":[{"href":"https:\/\/www.messinaoggi.it\/website\/wp-json\/wp\/v2\/media?parent=51045"}],"wp:term":[{"taxonomy":"category","embeddable":true,"href":"https:\/\/www.messinaoggi.it\/website\/wp-json\/wp\/v2\/categories?post=51045"},{"taxonomy":"post_tag","embeddable":true,"href":"https:\/\/www.messinaoggi.it\/website\/wp-json\/wp\/v2\/tags?post=51045"}],"curies":[{"name":"wp","href":"https:\/\/api.w.org\/{rel}","templated":true}]}}