{"id":51029,"date":"2021-01-02T14:12:48","date_gmt":"2021-01-02T13:12:48","guid":{"rendered":"https:\/\/www.messinaoggi.it\/website\/?p=51029"},"modified":"2021-01-02T14:12:48","modified_gmt":"2021-01-02T13:12:48","slug":"mattarella-vaccinarsi-e-un-dovere-conte-richiamo-a-coesione","status":"publish","type":"post","link":"https:\/\/www.messinaoggi.it\/website\/2021\/01\/02\/mattarella-vaccinarsi-e-un-dovere-conte-richiamo-a-coesione\/","title":{"rendered":"Mattarella \u201cVaccinarsi \u00e8 un dovere\u201d, Conte \u201cRichiamo a coesione\u201d"},"content":{"rendered":"<div>ROMA (ITALPRESS) &#8211; &#8220;La ripartenza sar\u00e0 al centro di quest&#8217;ultimo tratto del mio mandato. Sar\u00e0 un anno di lavoro intenso. Abbiamo le risorse per farcela&#8221;. Questo l&#8217;auspicio espresso dal Capo dello Stato Sergio Mattarella nel suo messaggio agli italiani per la fine dell&#8217;anno. Discorso improntato principalmente sugli effetti della pandemia e sull&#8217;importanza del vaccino. &#8220;Vaccinarsi &#8211; afferma &#8211; \u00e8 una scelta di responsabilit\u00e0, un dovere. Tanto pi\u00f9 per chi opera a contatto con i malati e le persone pi\u00f9 fragili.<br \/>\nDi fronte a una malattia cos\u00ec fortemente contagiosa, che provoca tante morti, \u00e8 necessario tutelare la propria salute ed \u00e8 doveroso proteggere quella degli altri, familiari, amici, colleghi. Io mi vacciner\u00f2 appena possibile, dopo le categorie che, essendo a rischio maggiore, debbono avere la precedenza&#8221;.<br \/>\nAdesso &#8220;stiamo mettendo in atto strategie pi\u00f9 complesse, a partire dal piano di vaccinazione, iniziato nel medesimo giorno in tutta Europa. Inoltre, per fronteggiare le gravi conseguenze economiche sono in campo interventi europei innovativi e di straordinaria importanza&#8221;.<br \/>\nPer Mattarella &#8220;il piano europeo per la ripresa, e la sua declinazione nazionale &#8211; che deve essere concreta, efficace, rigorosa, senza disperdere risorse &#8211; possono permetterci di superare fragilit\u00e0 strutturali che hanno impedito all&#8217;Italia di crescere come avrebbe potuto. Cambiamo ci\u00f2 che va cambiato, rimettendoci coraggiosamente in gioco. Lo dobbiamo a noi stessi, lo dobbiamo alle giovani generazioni. Ognuno faccia la propria parte. Il 2021 deve essere l&#8217;anno della sconfitta del virus e il primo della ripresa&#8221;.<br \/>\nConsensi unanimi dai partiti di maggioranza e opposizione alle parole del Capo dello Stato, dal premier Giuseppe Conte e dai presidenti delle Camere. &#8220;Ora arriva il compito pi\u00f9 difficile &#8211; dice Conte &#8211; quello di continuare a restare coesi e di utilizzare rapidamente e al meglio le risorse utili a sostenere le persone pi\u00f9 colpite da questa crisi, nella consapevolezza &#8211; come ha detto Mattarella &#8211; che &#8220;ora \u00e8 il tempo dei costruttori&#8221;. Sono certo che ce la faremo&#8221;. \u00abCi apprestiamo a metterci alle spalle un anno difficile, il pi\u00f9 difficile dal dopoguerra ad oggi. Le parole del presidente Mattarella indicano la rotta da seguire per affrontare il 2021 e le numerose sfide che siamo chiamati a fronteggiare\u00bb dice il presidente della Camera Roberto Fico. La presidente del Senato Elisabetta Alberti Casellati afferma: \u00abRitengo giusto &#8211; aggiunge il Presidente del Senato &#8211; il forte richiamo del Capo dello Stato alla responsabilit\u00e0 di tutti gli italiani, ognuno per la sua parte, per superare l&#8217;emergenza\u00bb.<br \/>\n(ITALPRESS).<\/div>\n<div id=\"div-gpt-ad-Messinaoggi.it-DSK-300x250-corpoart\" style=\"text-align:center;margin:0 auto;\"><\/div><\/p><div id=\"videoincontent\" style=\"clear:both\";><\/div>","protected":false},"excerpt":{"rendered":"<p>ROMA (ITALPRESS) &#8211; &#8220;La ripartenza sar\u00e0 al centro di quest&#8217;ultimo tratto del mio mandato. Sar\u00e0 un anno di lavoro intenso. Abbiamo le risorse per farcela&#8221;. Questo l&#8217;auspicio espresso dal Capo dello Stato Sergio Mattarella nel suo messaggio agli italiani per la fine dell&#8217;anno. Discorso improntato principalmente sugli effetti della pandemia e sull&#8217;importanza del vaccino. &#8220;Vaccinarsi [&hellip;]<\/p>\n","protected":false},"author":2,"featured_media":51030,"comment_status":"closed","ping_status":"closed","sticky":false,"template":"","format":"standard","meta":{"ub_ctt_via":"","_mi_skip_tracking":false},"categories":[446,11],"tags":[],"featured_image_src":"https:\/\/www.messinaoggi.it\/website\/wp-content\/uploads\/2021\/01\/20210101_0185.jpg","author_info":{"display_name":"Redazione","author_link":"https:\/\/www.messinaoggi.it\/website\/author\/redazione\/"},"digistream_id":0,"digistream":false,"_links":{"self":[{"href":"https:\/\/www.messinaoggi.it\/website\/wp-json\/wp\/v2\/posts\/51029"}],"collection":[{"href":"https:\/\/www.messinaoggi.it\/website\/wp-json\/wp\/v2\/posts"}],"about":[{"href":"https:\/\/www.messinaoggi.it\/website\/wp-json\/wp\/v2\/types\/post"}],"author":[{"embeddable":true,"href":"https:\/\/www.messinaoggi.it\/website\/wp-json\/wp\/v2\/users\/2"}],"replies":[{"embeddable":true,"href":"https:\/\/www.messinaoggi.it\/website\/wp-json\/wp\/v2\/comments?post=51029"}],"version-history":[{"count":0,"href":"https:\/\/www.messinaoggi.it\/website\/wp-json\/wp\/v2\/posts\/51029\/revisions"}],"wp:featuredmedia":[{"embeddable":true,"href":"https:\/\/www.messinaoggi.it\/website\/wp-json\/wp\/v2\/media\/51030"}],"wp:attachment":[{"href":"https:\/\/www.messinaoggi.it\/website\/wp-json\/wp\/v2\/media?parent=51029"}],"wp:term":[{"taxonomy":"category","embeddable":true,"href":"https:\/\/www.messinaoggi.it\/website\/wp-json\/wp\/v2\/categories?post=51029"},{"taxonomy":"post_tag","embeddable":true,"href":"https:\/\/www.messinaoggi.it\/website\/wp-json\/wp\/v2\/tags?post=51029"}],"curies":[{"name":"wp","href":"https:\/\/api.w.org\/{rel}","templated":true}]}}