{"id":50958,"date":"2020-12-31T09:30:18","date_gmt":"2020-12-31T08:30:18","guid":{"rendered":"https:\/\/www.messinaoggi.it\/website\/?p=50958"},"modified":"2020-12-31T09:30:18","modified_gmt":"2020-12-31T08:30:18","slug":"calcio-a-5-siac-messina-da-il-benvenuto-al-brasiliano-gabriel-barbosa-malveira","status":"publish","type":"post","link":"https:\/\/www.messinaoggi.it\/website\/2020\/12\/31\/calcio-a-5-siac-messina-da-il-benvenuto-al-brasiliano-gabriel-barbosa-malveira\/","title":{"rendered":"CALCIO A 5 &#8211; SIAC Messina d\u00e0 il benvenuto al brasiliano Gabriel Barbosa Malveira"},"content":{"rendered":"<p style=\"text-align: justify\">La Siac Messina \u00e8 attiva sul mercato anche durante le festivit\u00e0 natalizie. Il club del presidente Marco Ravid\u00e0, sta rafforzando infatti l\u2019organico per potersi giocare, fino in fondo, le proprie possibilit\u00e0 di salvezza nel campionato nazionale di serie A2 di calcio a 5 (girone D).<div id=\"div-gpt-ad-Messinaoggi.it-DSK-300x250-corpoart\" style=\"text-align:center;margin:0 auto;\"><\/div><\/p>\n<p style=\"text-align: justify\">E\u2019 stato tesserato il laterale brasiliano,classe \u201894, Gabriel Cesar Barbosa Malveira. Si tratta di un calcettista capace di abbinare qualit\u00e0 e quantit\u00e0, che ha militato l\u2019anno scorso nella terza serie spagnola con la maglia delle Gran Canarie.<div id=\"videoincontent\" style=\"clear:both\";><\/div><\/p>\n<div id=\"attachment_50959\" style=\"width: 309px\" class=\"wp-caption alignright\"><img aria-describedby=\"caption-attachment-50959\" loading=\"lazy\" class=\" wp-image-50959\" src=\"https:\/\/www.messinaoggi.it\/website\/wp-content\/uploads\/2020\/12\/Il-brasiliano-Gabriel-Barbosa-SIAC-MESSINA-1-200x300.jpg\" alt=\"\" width=\"299\" height=\"449\" \/><p id=\"caption-attachment-50959\" class=\"wp-caption-text\"><strong><em>Gabriel Barbosa Malveira<\/em><\/strong><\/p><\/div>\n<p style=\"text-align: justify\"><em>\u201cVivr\u00f2 una bella esperienza in Italia \u2013<\/em> dichiara Gabriel Barbosa \u2013 <em>sono felice di trovarmi alla Siac e spero di poter fornire un importante contributo e di ripagare, sul campo, la fiducia di dirigenza e staff tecnico. L\u2019A2 \u00e8 un torneo difficile e mi trover\u00f2 di fronte molti connazionali, con i quali non vedo l\u2019ora di confrontarmi\u201d. <\/em><\/p>\n<p style=\"text-align: justify\">Altre trattative in entrata potrebbero concretizzarsi prima della gara del 9 gennaio in casa del Citt\u00e0 di Melilli.<\/p>\n<p style=\"text-align: justify\">E\u2019 tornato invece in Spagna, per esigenze di studio, il portiere Alberto Fernandez Dominquez. <em>\u201cFaccio a nome personale e della societ\u00e0 un grande in bocca a lupo ad Alberto \u2013<\/em> commenta Ravid\u00e0 \u2013 <em>lo ringrazio per la seriet\u00e0 dimostrata nei mesi trascorsi da noi\u201d.<\/em><\/p>\n<p style=\"text-align: justify\">La squadra peloritana si sta allenando intanto con il massimo impegno al \u201cPalaRescifina\u201d. Nelle prossime ore dovrebbe essere ufficializzata la data del recupero sul campo del Bernalda, che potrebbe giocarsi il 13 gennaio.<\/p>\n","protected":false},"excerpt":{"rendered":"<p>La Siac Messina \u00e8 attiva sul mercato anche durante le festivit\u00e0 natalizie. Il club del presidente Marco Ravid\u00e0, sta rafforzando infatti l\u2019organico per potersi giocare, fino in fondo, le proprie possibilit\u00e0 di salvezza nel campionato nazionale di serie A2 di calcio a 5 (girone D). E\u2019 stato tesserato il laterale brasiliano,classe \u201894, Gabriel Cesar Barbosa [&hellip;]<\/p>\n","protected":false},"author":17,"featured_media":50961,"comment_status":"closed","ping_status":"closed","sticky":false,"template":"","format":"standard","meta":{"ub_ctt_via":"","_mi_skip_tracking":false},"categories":[8,9],"tags":[477,392],"featured_image_src":"https:\/\/www.messinaoggi.it\/website\/wp-content\/uploads\/2020\/12\/Allenamento-SIAC-MESSINA-al-PalaRescifina-6-1.jpg","author_info":{"display_name":"Giuseppe Luppino","author_link":"https:\/\/www.messinaoggi.it\/website\/author\/g-luppino\/"},"digistream_id":0,"digistream":false,"_links":{"self":[{"href":"https:\/\/www.messinaoggi.it\/website\/wp-json\/wp\/v2\/posts\/50958"}],"collection":[{"href":"https:\/\/www.messinaoggi.it\/website\/wp-json\/wp\/v2\/posts"}],"about":[{"href":"https:\/\/www.messinaoggi.it\/website\/wp-json\/wp\/v2\/types\/post"}],"author":[{"embeddable":true,"href":"https:\/\/www.messinaoggi.it\/website\/wp-json\/wp\/v2\/users\/17"}],"replies":[{"embeddable":true,"href":"https:\/\/www.messinaoggi.it\/website\/wp-json\/wp\/v2\/comments?post=50958"}],"version-history":[{"count":0,"href":"https:\/\/www.messinaoggi.it\/website\/wp-json\/wp\/v2\/posts\/50958\/revisions"}],"wp:featuredmedia":[{"embeddable":true,"href":"https:\/\/www.messinaoggi.it\/website\/wp-json\/wp\/v2\/media\/50961"}],"wp:attachment":[{"href":"https:\/\/www.messinaoggi.it\/website\/wp-json\/wp\/v2\/media?parent=50958"}],"wp:term":[{"taxonomy":"category","embeddable":true,"href":"https:\/\/www.messinaoggi.it\/website\/wp-json\/wp\/v2\/categories?post=50958"},{"taxonomy":"post_tag","embeddable":true,"href":"https:\/\/www.messinaoggi.it\/website\/wp-json\/wp\/v2\/tags?post=50958"}],"curies":[{"name":"wp","href":"https:\/\/api.w.org\/{rel}","templated":true}]}}