{"id":50955,"date":"2020-12-30T22:44:11","date_gmt":"2020-12-30T21:44:11","guid":{"rendered":"https:\/\/www.messinaoggi.it\/website\/?p=50955"},"modified":"2020-12-30T22:44:11","modified_gmt":"2020-12-30T21:44:11","slug":"calcio-serie-d-fc-messina-salta-lamichevole-a-scopo-benefico-contro-il-citta-di-s-agata","status":"publish","type":"post","link":"https:\/\/www.messinaoggi.it\/website\/2020\/12\/30\/calcio-serie-d-fc-messina-salta-lamichevole-a-scopo-benefico-contro-il-citta-di-s-agata\/","title":{"rendered":"CALCIO SERIE D &#8211; FC Messina, salta l&#039;amichevole a scopo benefico contro il Citt\u00e0 di S. Agata"},"content":{"rendered":"<h6 style=\"text-align: left\"><strong><em>Il Football Club Messina riprende gli allenamenti: Caballero rimane ai box; Carbonaro \u00e8 in gruppo. Annullata l&#8217;amichevole di oggi contro il S.Agata per impraticabilit\u00e0 del &#8220;Biagio Fresina&#8221;<\/em><\/strong><\/h6>\n<p> <div id=\"div-gpt-ad-Messinaoggi.it-DSK-300x250-corpoart\" style=\"text-align:center;margin:0 auto;\"><\/div><\/p>\n<p style=\"text-align: justify\">Il FC Messina si \u00e8 ritrovato ieri, in tarda mattinata, al &#8220;Despar Stadium&#8221; per riprendere gli allenamenti in vista del prossimo match ufficiale, previsto il 6 gennaio 2021 in casa del Biancavilla.<div id=\"videoincontent\" style=\"clear:both\";><\/div><\/p>\n<p style=\"text-align: justify\">Giro di tamponi per squadra e staff (esito negativo per tutti i componenti), precauzione obbligatoria visti gli spostamenti dei giallorossi negli ultimi giorni ed allenamento agli ordini di mister Pino Rigoli. Cambio di programma rispetto alle attese, con la cancellazione dell&#8217;amichevole benefica contro il Citt\u00e0 di S.Agata, inizialmente prevista per il stamani, 30 dicembre, al &#8220;Biagio Fresina&#8221;.<\/p>\n<p style=\"text-align: justify\">\u00c8 stata la stessa societ\u00e0 biancazzurra ad annunciarlo, con un post su Facebook che mette in luce i danni causati dal mal tempo alla struttura della zona tirrenica. L&#8217;impegno di oggi \u00e8 stato sostituito da una doppia seduta di allenamento, mentre l&#8217;anno 2020 verr\u00e0 chiuso dall&#8217;allenamento mattutino del 31 dicembre.Squadra e staff si ritroveranno il 2 gennaio dopo un giorno di pausa.<\/p>\n<p style=\"text-align: justify\">Sul fronte infermeria il gruppo ha riabbracciato Paolo Carbonaro e oggi ha riaccolto Lucas Dambros, mentre Pablo Caballero sar\u00e0 sottoposto a terapia per altri dieci giorni, cui seguiranno nuovi esami strumentali. Joao Da Silva, dopo il colpo rimediato alla schiena nel match con la Cittanovese, effettuer\u00e0 una risonanza nella mattinata di gioved\u00ec.<\/p>\n<p style=\"text-align: justify\">Sul fronte mercato, in uscita il classe 2002 Manfredi Di Giorgio, che non terminer\u00e0 la stagione in maglia FC Messina.<\/p>\n","protected":false},"excerpt":{"rendered":"<p>Il Football Club Messina riprende gli allenamenti: Caballero rimane ai box; Carbonaro \u00e8 in gruppo. Annullata l&#8217;amichevole di oggi contro il S.Agata per impraticabilit\u00e0 del &#8220;Biagio Fresina&#8221; Il FC Messina si \u00e8 ritrovato ieri, in tarda mattinata, al &#8220;Despar Stadium&#8221; per riprendere gli allenamenti in vista del prossimo match ufficiale, previsto il 6 gennaio 2021 [&hellip;]<\/p>\n","protected":false},"author":17,"featured_media":50956,"comment_status":"closed","ping_status":"closed","sticky":false,"template":"","format":"standard","meta":{"ub_ctt_via":"","_mi_skip_tracking":false},"categories":[10,9],"tags":[26],"featured_image_src":"https:\/\/www.messinaoggi.it\/website\/wp-content\/uploads\/2020\/12\/bevis-in-azione.jpg","author_info":{"display_name":"Giuseppe Luppino","author_link":"https:\/\/www.messinaoggi.it\/website\/author\/g-luppino\/"},"digistream_id":0,"digistream":false,"_links":{"self":[{"href":"https:\/\/www.messinaoggi.it\/website\/wp-json\/wp\/v2\/posts\/50955"}],"collection":[{"href":"https:\/\/www.messinaoggi.it\/website\/wp-json\/wp\/v2\/posts"}],"about":[{"href":"https:\/\/www.messinaoggi.it\/website\/wp-json\/wp\/v2\/types\/post"}],"author":[{"embeddable":true,"href":"https:\/\/www.messinaoggi.it\/website\/wp-json\/wp\/v2\/users\/17"}],"replies":[{"embeddable":true,"href":"https:\/\/www.messinaoggi.it\/website\/wp-json\/wp\/v2\/comments?post=50955"}],"version-history":[{"count":0,"href":"https:\/\/www.messinaoggi.it\/website\/wp-json\/wp\/v2\/posts\/50955\/revisions"}],"wp:featuredmedia":[{"embeddable":true,"href":"https:\/\/www.messinaoggi.it\/website\/wp-json\/wp\/v2\/media\/50956"}],"wp:attachment":[{"href":"https:\/\/www.messinaoggi.it\/website\/wp-json\/wp\/v2\/media?parent=50955"}],"wp:term":[{"taxonomy":"category","embeddable":true,"href":"https:\/\/www.messinaoggi.it\/website\/wp-json\/wp\/v2\/categories?post=50955"},{"taxonomy":"post_tag","embeddable":true,"href":"https:\/\/www.messinaoggi.it\/website\/wp-json\/wp\/v2\/tags?post=50955"}],"curies":[{"name":"wp","href":"https:\/\/api.w.org\/{rel}","templated":true}]}}