{"id":50950,"date":"2020-12-30T19:23:07","date_gmt":"2020-12-30T18:23:07","guid":{"rendered":"https:\/\/www.messinaoggi.it\/website\/?p=50950"},"modified":"2020-12-30T19:23:07","modified_gmt":"2020-12-30T18:23:07","slug":"il-fantasista-arigo-saluta-almeno-per-ora-il-calcio-giocato","status":"publish","type":"post","link":"https:\/\/www.messinaoggi.it\/website\/2020\/12\/30\/il-fantasista-arigo-saluta-almeno-per-ora-il-calcio-giocato\/","title":{"rendered":"Il fantasista Arig\u00f2 saluta (almeno per ora) il calcio giocato"},"content":{"rendered":"<p style=\"text-align: justify\"><em>&#8220;Non so ancora se sia un addio o solo un arriverderci, ma per il momento lascio il calcio. Quel calcio che mi ha regalato tante emozioni in tutte le societ\u00e0 in cui ho giocato&#8230;<\/em>&#8221; Cos\u00ec, sulla propria pagina facebook, <strong>Davide Arig\u00f2<\/strong> &#8211; talentuoso quanto sfortunato fantasista messinese classe &#8217;85 (36 anni da compiere il prossimo 26 febbraio) attualmente tesserato con il Citt\u00e0 di Taormina &#8211; annuncia di aver appeso le scarpe al chiodo, non si sa ancora se in modo provvisorio o definitivo.<div id=\"div-gpt-ad-Messinaoggi.it-DSK-300x250-corpoart\" style=\"text-align:center;margin:0 auto;\"><\/div><\/p>\n<p style=\"text-align: justify\">Una carriera, la sua, iniziata nel 2002 nelle giovanili della FC Messina con cui ha anche accumulato 5 presenze in Serie B nel 2007\/08. Ma non c&#8217;\u00e8 dubbio che l&#8217;apice sia stata la &#8220;Primavera&#8221; della Juventus (2004\/05) assieme a coetanei &#8211; o quasi &#8211; illustri &#8211; tra cui i vari Marchisio, De Ceglie.<div id=\"videoincontent\" style=\"clear:both\";><\/div><\/p>\n<p style=\"text-align: justify\">E poi tanti campionati di Serie C1, C2 e D ma anche di Eccellenza, Promozione e Prima Categoria. Arig\u00f2, figlio d&#8217;arte (il padre Pietro \u00e8 rimasto nella memoria dei pi\u00f9 longevi appassionati) ha conosciuto praticamente tutti i tornei della Figc. &#8220;<em>Spero che ovunque abbia avuto la fortuna di giocare in questi anni<\/em> &#8211; aggiunge Davide &#8211; <em>sia riuscito a lasciare qualche bel ricordo nella mente delle persone, con qualche goal o qualche giocata. Pensavo non arrivasse mai questo momento, &#8211; ma ahim\u00e8 \u00e8 arrivato e se devo essere sincero sono anche contento che sia cos\u00ec, perch\u00e9 la vita penso sia un percorso dove ogni cosa ha il suo tempo, e prima o poi si deve affrontare ci\u00f2 che essa ci riserva e soprattutto il cambiamento&#8221;. <\/em><\/p>\n","protected":false},"excerpt":{"rendered":"<p>&#8220;Non so ancora se sia un addio o solo un arriverderci, ma per il momento lascio il calcio. Quel calcio che mi ha regalato tante emozioni in tutte le societ\u00e0 in cui ho giocato&#8230;&#8221; Cos\u00ec, sulla propria pagina facebook, Davide Arig\u00f2 &#8211; talentuoso quanto sfortunato fantasista messinese classe &#8217;85 (36 anni da compiere il prossimo [&hellip;]<\/p>\n","protected":false},"author":11,"featured_media":46969,"comment_status":"closed","ping_status":"closed","sticky":false,"template":"","format":"standard","meta":{"ub_ctt_via":"","_mi_skip_tracking":false},"categories":[10,9],"tags":[],"featured_image_src":"https:\/\/www.messinaoggi.it\/website\/wp-content\/uploads\/2020\/09\/Davide-Arigo-1.jpg","author_info":{"display_name":"redsport","author_link":"https:\/\/www.messinaoggi.it\/website\/author\/redsport\/"},"digistream_id":0,"digistream":false,"_links":{"self":[{"href":"https:\/\/www.messinaoggi.it\/website\/wp-json\/wp\/v2\/posts\/50950"}],"collection":[{"href":"https:\/\/www.messinaoggi.it\/website\/wp-json\/wp\/v2\/posts"}],"about":[{"href":"https:\/\/www.messinaoggi.it\/website\/wp-json\/wp\/v2\/types\/post"}],"author":[{"embeddable":true,"href":"https:\/\/www.messinaoggi.it\/website\/wp-json\/wp\/v2\/users\/11"}],"replies":[{"embeddable":true,"href":"https:\/\/www.messinaoggi.it\/website\/wp-json\/wp\/v2\/comments?post=50950"}],"version-history":[{"count":0,"href":"https:\/\/www.messinaoggi.it\/website\/wp-json\/wp\/v2\/posts\/50950\/revisions"}],"wp:featuredmedia":[{"embeddable":true,"href":"https:\/\/www.messinaoggi.it\/website\/wp-json\/wp\/v2\/media\/46969"}],"wp:attachment":[{"href":"https:\/\/www.messinaoggi.it\/website\/wp-json\/wp\/v2\/media?parent=50950"}],"wp:term":[{"taxonomy":"category","embeddable":true,"href":"https:\/\/www.messinaoggi.it\/website\/wp-json\/wp\/v2\/categories?post=50950"},{"taxonomy":"post_tag","embeddable":true,"href":"https:\/\/www.messinaoggi.it\/website\/wp-json\/wp\/v2\/tags?post=50950"}],"curies":[{"name":"wp","href":"https:\/\/api.w.org\/{rel}","templated":true}]}}