{"id":50936,"date":"2020-12-30T14:55:11","date_gmt":"2020-12-30T13:55:11","guid":{"rendered":"https:\/\/www.messinaoggi.it\/website\/?p=50936"},"modified":"2020-12-30T14:55:11","modified_gmt":"2020-12-30T13:55:11","slug":"de-luca-ai-giornalisti-restiamo-uniti-nelle-difficolta","status":"publish","type":"post","link":"https:\/\/www.messinaoggi.it\/website\/2020\/12\/30\/de-luca-ai-giornalisti-restiamo-uniti-nelle-difficolta\/","title":{"rendered":"De Luca ai giornalisti: &quot;Restiamo uniti nelle difficolt\u00e0&quot;"},"content":{"rendered":"<p>Nel Salone delle Bandiere di Palazzo Zanca, il sindaco Cateno De Luca, insieme alla Giunta municipale, i presidenti delle societ\u00e0 partecipate con i rispettivi componenti dei CdA, ha formulato ai giornalisti gli auguri di fine anno.<br \/>\n&#8220;Ringrazio voi, giornalisti, operatori, cameramen e fotografi, \u2013 ha detto Cateno De Luca \u2013 che anche quest\u2019anno avete fornito un contributo mediatico fondamentale, entrando nelle case dei messinesi ed \u00e8 anche grazie al vostro lavoro se oggi la nostra Citt\u00e0 \u00e8 un modello di riferimento e di esempio per tutti. Aggiungo inoltre che, se i cittadini messinesi lo vorranno, il mio programma da Sindaco durer\u00e0 complessivamente dieci anni. In giro circolano tante voci, ma quanto affermo rappresenta il mio vero obiettivo come peraltro ho sempre sostenuto\u201d. <img loading=\"lazy\" class=\"size-medium wp-image-103646 alignright\" src=\"https:\/\/comune.messina.it\/wp-content\/uploads\/2020\/12\/conf-fine-anno1-300x225.jpg\" sizes=\"(max-width: 300px) 100vw, 300px\" srcset=\"https:\/\/comune.messina.it\/wp-content\/uploads\/2020\/12\/conf-fine-anno1-300x225.jpg 300w, https:\/\/comune.messina.it\/wp-content\/uploads\/2020\/12\/conf-fine-anno1-1024x768.jpg 1024w, https:\/\/comune.messina.it\/wp-content\/uploads\/2020\/12\/conf-fine-anno1-768x576.jpg 768w, https:\/\/comune.messina.it\/wp-content\/uploads\/2020\/12\/conf-fine-anno1-1536x1152.jpg 1536w, https:\/\/comune.messina.it\/wp-content\/uploads\/2020\/12\/conf-fine-anno1-400x300.jpg 400w, https:\/\/comune.messina.it\/wp-content\/uploads\/2020\/12\/conf-fine-anno1.jpg 1600w\" alt=\"\" width=\"300\" height=\"225\" \/>Relativamente al 2020 il Sindaco De Luca ha poi aggiunto: \u201cSicuramente mi riempie di orgoglio il comportamento dei nostri cittadini, che nella lunga fase del Covid hanno avuto la capacit\u00e0 di dimostrare di essere comunit\u00e0, nonostante i problemi strutturali, e mi riferisco anche alle zone pi\u00f9 complicate e disastrate come le baracche. Abbiamo manifestato grande senso del rispetto e ci siamo distinti sin dalla prima fase della pandemia.<br \/>\nE\u2019 ovvio che il Covid 19, con i suoi effetti devastanti, ha rallentato parte del programma del cambio di passo. A breve comunicheremo gli obiettivi che sono stati raggiunti e quelli in itinere. Purtroppo la pandemia dal mese di marzo ad oggi ha ostacolato la nostra azione amministrativa. Ci\u00f2 nonostante siamo riusciti a mantenere il primato acquisito nel 2019 rispetto ad altre citt\u00e0 in materia di impegno di spesa per i finanziamenti europei e quindi il lavoro strutturale effettuato nei due Palazzi (Zanca e dei Leoni) ha comunque consentito di reggere all\u2019onda pandemica e di centrare obiettivi importanti rispetto ad altre citt\u00e0. <img loading=\"lazy\" class=\"size-medium wp-image-103647 alignleft\" src=\"https:\/\/comune.messina.it\/wp-content\/uploads\/2020\/12\/conf-fine-anno2-300x225.jpg\" sizes=\"(max-width: 300px) 100vw, 300px\" srcset=\"https:\/\/comune.messina.it\/wp-content\/uploads\/2020\/12\/conf-fine-anno2-300x225.jpg 300w, https:\/\/comune.messina.it\/wp-content\/uploads\/2020\/12\/conf-fine-anno2-1024x768.jpg 1024w, https:\/\/comune.messina.it\/wp-content\/uploads\/2020\/12\/conf-fine-anno2-768x576.jpg 768w, https:\/\/comune.messina.it\/wp-content\/uploads\/2020\/12\/conf-fine-anno2-1536x1153.jpg 1536w, https:\/\/comune.messina.it\/wp-content\/uploads\/2020\/12\/conf-fine-anno2-400x300.jpg 400w, https:\/\/comune.messina.it\/wp-content\/uploads\/2020\/12\/conf-fine-anno2.jpg 1599w\" alt=\"\" width=\"300\" height=\"225\" \/>Tra questi \u2013 ha proseguito De Luca \u2013 mi piace evidenziare quello straordinario relativo al risanamento economico-finanziario. Vi annuncio che \u00e8 partita l\u2019istruttoria del Ministero degli Interni del nostro Piano di Riequilibrio e siamo orgogliosi della perfomance di spesa che ci ha portati ad essere la prima citt\u00e0 d\u2019Italia per il Pon Metro e la dotazione finanziaria che fornisce strumenti alle Citt\u00e0 metropolitane.<br \/>\nNel 2021, come obiettivo principale, abbiamo la concertazione col Governo Nazionale per il Recovery Found, le proposte della citt\u00e0 di Messina sono state prese a modello e riguardano la forestazione urbana e il risanamento urbano. Domani, alle ore 19, formuler\u00f2 gli Auguri alla cittadinanza. Pur nella consapevolezza che ognuno di noi, in questo anno particolare, porta nel cuore fatiche, affetti, difficolt\u00e0 e lutti, auguro a nome mio e della Giunta municipale che l\u2019arrivo del nuovo anno possa trasmettere gioia con la speranza di un futuro pi\u00f9 sereno, tenendo sempre presente i momenti di riflessione e di responsabilit\u00e0. <img loading=\"lazy\" class=\"size-medium wp-image-103648 alignright\" src=\"https:\/\/comune.messina.it\/wp-content\/uploads\/2020\/12\/conf-fine-anno4-300x225.jpg\" sizes=\"(max-width: 300px) 100vw, 300px\" srcset=\"https:\/\/comune.messina.it\/wp-content\/uploads\/2020\/12\/conf-fine-anno4-300x225.jpg 300w, https:\/\/comune.messina.it\/wp-content\/uploads\/2020\/12\/conf-fine-anno4-1024x768.jpg 1024w, https:\/\/comune.messina.it\/wp-content\/uploads\/2020\/12\/conf-fine-anno4-768x576.jpg 768w, https:\/\/comune.messina.it\/wp-content\/uploads\/2020\/12\/conf-fine-anno4-1536x1152.jpg 1536w, https:\/\/comune.messina.it\/wp-content\/uploads\/2020\/12\/conf-fine-anno4-400x300.jpg 400w, https:\/\/comune.messina.it\/wp-content\/uploads\/2020\/12\/conf-fine-anno4.jpg 1600w\" alt=\"\" width=\"300\" height=\"225\" \/><br \/>\nIl nostro spirito di amministratori continua ad essere fiducioso e positivo e ci fa guardare lontano. Nell\u2019ottica del proseguimento di un ampio rapporto di collaborazione \u2013 ha concluso il sindaco \u2013 nell\u2019interesse della collettivit\u00e0 auspico una citt\u00e0 capace di restare unita nelle difficolt\u00e0, una citt\u00e0 fondata su rapporti umani aperti alla solidariet\u00e0 ed alla condivisione&#8221;.<div id=\"div-gpt-ad-Messinaoggi.it-DSK-300x250-corpoart\" style=\"text-align:center;margin:0 auto;\"><\/div><\/p>\n<div id=\"videoincontent\" style=\"clear:both\";><\/div>","protected":false},"excerpt":{"rendered":"<p>Nel Salone delle Bandiere di Palazzo Zanca, il sindaco Cateno De Luca, insieme alla Giunta municipale, i presidenti delle societ\u00e0 partecipate con i rispettivi componenti dei CdA, ha formulato ai giornalisti gli auguri di fine anno. &#8220;Ringrazio voi, giornalisti, operatori, cameramen e fotografi, \u2013 ha detto Cateno De Luca \u2013 che anche quest\u2019anno avete fornito [&hellip;]<\/p>\n","protected":false},"author":4,"featured_media":50937,"comment_status":"closed","ping_status":"closed","sticky":false,"template":"","format":"standard","meta":{"ub_ctt_via":"","_mi_skip_tracking":false},"categories":[4],"tags":[],"featured_image_src":"https:\/\/www.messinaoggi.it\/website\/wp-content\/uploads\/2020\/12\/de-luca-incontra-giornalisti.jpg","author_info":{"display_name":"redme","author_link":"https:\/\/www.messinaoggi.it\/website\/author\/redme\/"},"digistream_id":0,"digistream":false,"_links":{"self":[{"href":"https:\/\/www.messinaoggi.it\/website\/wp-json\/wp\/v2\/posts\/50936"}],"collection":[{"href":"https:\/\/www.messinaoggi.it\/website\/wp-json\/wp\/v2\/posts"}],"about":[{"href":"https:\/\/www.messinaoggi.it\/website\/wp-json\/wp\/v2\/types\/post"}],"author":[{"embeddable":true,"href":"https:\/\/www.messinaoggi.it\/website\/wp-json\/wp\/v2\/users\/4"}],"replies":[{"embeddable":true,"href":"https:\/\/www.messinaoggi.it\/website\/wp-json\/wp\/v2\/comments?post=50936"}],"version-history":[{"count":0,"href":"https:\/\/www.messinaoggi.it\/website\/wp-json\/wp\/v2\/posts\/50936\/revisions"}],"wp:featuredmedia":[{"embeddable":true,"href":"https:\/\/www.messinaoggi.it\/website\/wp-json\/wp\/v2\/media\/50937"}],"wp:attachment":[{"href":"https:\/\/www.messinaoggi.it\/website\/wp-json\/wp\/v2\/media?parent=50936"}],"wp:term":[{"taxonomy":"category","embeddable":true,"href":"https:\/\/www.messinaoggi.it\/website\/wp-json\/wp\/v2\/categories?post=50936"},{"taxonomy":"post_tag","embeddable":true,"href":"https:\/\/www.messinaoggi.it\/website\/wp-json\/wp\/v2\/tags?post=50936"}],"curies":[{"name":"wp","href":"https:\/\/api.w.org\/{rel}","templated":true}]}}