{"id":5080,"date":"2017-07-19T16:55:08","date_gmt":"2017-07-19T14:55:08","guid":{"rendered":"http:\/\/www.messinaoggi.it\/website\/?p=5080"},"modified":"2017-07-19T16:55:08","modified_gmt":"2017-07-19T14:55:08","slug":"ninni-carrello-prende-tempo-scegliero-con-calma-la-mia-prossima-squadra","status":"publish","type":"post","link":"https:\/\/www.messinaoggi.it\/website\/2017\/07\/19\/ninni-carrello-prende-tempo-scegliero-con-calma-la-mia-prossima-squadra\/","title":{"rendered":"Ninni Carrello prende tempo: &quot;Sceglier\u00f2 con calma la mia prossima squadra&quot;"},"content":{"rendered":"<p style=\"text-align: justify;\">\u00a0&#8220;<em>Attendo di ottenere ufficialmente lo svincolo art. 108 delle NOIF <\/em>(quello della norme organizzative interne della Federcalcio che sancisce lo svincolo per accordo, ndr)<em>\u00a0<\/em><em>\u00a0dalla Folgore Caratese <\/em>(sodalizio di Verano Brianza, nella provincia di Monza, militante in Serie D, dal quale \u00e8 stato ingaggiato l&#8217;estate scorsa, ndr)<em>, a cui appartiene il mio cartellino ma nella quale non voglio rimanere. Le proposte da altre formazioni non mi mancano, ma soltanto in seguito prender\u00f2 una decisione. Finora ho messo un secondo piano il calcio<\/em>&#8220;.<div id=\"div-gpt-ad-Messinaoggi.it-DSK-300x250-corpoart\" style=\"text-align:center;margin:0 auto;\"><\/div><\/p>\n<p style=\"text-align: justify;\">Cos\u00ec si \u00e8 espresso, con cortesia e disponibilit\u00e0, <strong>Antonino Andrea<\/strong> (per tutti &#8220;<strong><em>Ninni<\/em><\/strong>&#8220;) <strong>Carrello<\/strong>, attaccante classe &#8217;98 (ha compiuto diciannove anni proprio venerd\u00ec scorso, 14 luglio) nativo di Capo d&#8217;Orlando, tra i pi\u00f9 forti in assoluto del panorama calcistico siciliano, da noi interpellato per conoscere le sue attuali prospettive di mercato.<div id=\"videoincontent\" style=\"clear:both\";><\/div><\/p>\n<p style=\"text-align: justify;\">Il giocatore \u00e8 reduce dal prestito al Citt\u00e0 di S.Agata (5 reti all&#8217;attivo nell&#8217;ultimo torneo di Eccellenza condotto ai vertici dai tirrenici), formazione da cui era stato precedentemente lanciato e che, stando alle parole del giocatore, non disdegnerebbe di riportarlo nei propri ranghi. &#8220;<em>In tutta sincerit\u00e0 il Citt\u00e0 di S.Agata si\u00a0\u00e8 fatto sentire qualche settimana fa<\/em> &#8211; spiega Carrello -. <em>Eravamo rimasti d&#8217;accordo che li avrei richiamati, ma ho avuto problemi pi\u00f9 importanti rispetto al calcio. Di certo posso dire che quello biancazzurro \u00e8 un ambiente in cui mi sono sempre trovato bene grazie a dirigenti, allenatori e compagni. Oltretutto, nella prossima stagione giocheranno le gare casalinghe a Capo d&#8217;Orlando, il mio paese di nascita<\/em>&#8220;.<\/p>\n<p style=\"text-align: justify;\">Insomma, il Citt\u00e0 di S.Agata occupa sempre un posto speciale nel cuore di Ninni che comunque sta valutando anche altre offerte: &#8220;<em>So\u00a0dell&#8217;interesse di Igea, Milazzo, di altre squadre di Eccellenza e persino di societ\u00e0 di categorie superiori. Tuttavia mi prender\u00f2 tutto il tempo necessario prima di assumere una decisione che sar\u00e0 basata su tanti fattori: in primo luogo non vorrei compiere una scelta affrettata di cui pentirmi, specie se in seguito si aprissero possibilit\u00e0 a livelli ben pi\u00f9 importanti&#8221;.<\/em><\/p>\n<p style=\"text-align: justify;\">Carrello lascia intendere che, come tutti i ragazzi della sua et\u00e0, il suo sogno\u00a0\u00e8 quello di ottenere una chance tra i professionisti. Se ne sapr\u00e0 certamente di pi\u00f9 nelle prossime settimane estive.<\/p>\n","protected":false},"excerpt":{"rendered":"<p>\u00a0&#8220;Attendo di ottenere ufficialmente lo svincolo art. 108 delle NOIF (quello della norme organizzative interne della Federcalcio che sancisce lo svincolo per accordo, ndr)\u00a0\u00a0dalla Folgore Caratese (sodalizio di Verano Brianza, nella provincia di Monza, militante in Serie D, dal quale \u00e8 stato ingaggiato l&#8217;estate scorsa, ndr), a cui appartiene il mio cartellino ma nella quale [&hellip;]<\/p>\n","protected":false},"author":9,"featured_media":5081,"comment_status":"closed","ping_status":"open","sticky":false,"template":"","format":"standard","meta":{"ub_ctt_via":"","_mi_skip_tracking":false},"categories":[10],"tags":[],"featured_image_src":"https:\/\/www.messinaoggi.it\/website\/wp-content\/uploads\/2017\/07\/Carrello-esulta-2.jpg","author_info":{"display_name":"Roberto Santoro","author_link":"https:\/\/www.messinaoggi.it\/website\/author\/r-santoro\/"},"digistream_id":0,"digistream":false,"_links":{"self":[{"href":"https:\/\/www.messinaoggi.it\/website\/wp-json\/wp\/v2\/posts\/5080"}],"collection":[{"href":"https:\/\/www.messinaoggi.it\/website\/wp-json\/wp\/v2\/posts"}],"about":[{"href":"https:\/\/www.messinaoggi.it\/website\/wp-json\/wp\/v2\/types\/post"}],"author":[{"embeddable":true,"href":"https:\/\/www.messinaoggi.it\/website\/wp-json\/wp\/v2\/users\/9"}],"replies":[{"embeddable":true,"href":"https:\/\/www.messinaoggi.it\/website\/wp-json\/wp\/v2\/comments?post=5080"}],"version-history":[{"count":0,"href":"https:\/\/www.messinaoggi.it\/website\/wp-json\/wp\/v2\/posts\/5080\/revisions"}],"wp:featuredmedia":[{"embeddable":true,"href":"https:\/\/www.messinaoggi.it\/website\/wp-json\/wp\/v2\/media\/5081"}],"wp:attachment":[{"href":"https:\/\/www.messinaoggi.it\/website\/wp-json\/wp\/v2\/media?parent=5080"}],"wp:term":[{"taxonomy":"category","embeddable":true,"href":"https:\/\/www.messinaoggi.it\/website\/wp-json\/wp\/v2\/categories?post=5080"},{"taxonomy":"post_tag","embeddable":true,"href":"https:\/\/www.messinaoggi.it\/website\/wp-json\/wp\/v2\/tags?post=5080"}],"curies":[{"name":"wp","href":"https:\/\/api.w.org\/{rel}","templated":true}]}}