{"id":5076,"date":"2017-07-19T15:51:48","date_gmt":"2017-07-19T13:51:48","guid":{"rendered":"http:\/\/www.messinaoggi.it\/website\/?p=5076"},"modified":"2017-07-19T15:51:48","modified_gmt":"2017-07-19T13:51:48","slug":"siglata-intesa-tra-vi-circoscrizione-e-avis","status":"publish","type":"post","link":"https:\/\/www.messinaoggi.it\/website\/2017\/07\/19\/siglata-intesa-tra-vi-circoscrizione-e-avis\/","title":{"rendered":"Siglata intesa tra VI Circoscrizione e Avis"},"content":{"rendered":"<p style=\"text-align: justify\">&#8220;Tale collaborazione \u00a0\u00e8 finalizzata a promuovere e sviluppare, nell&#8217;ambito del comprensorio circoscrizionale, iniziative volte alla crescita e alla cultura del volontariato in genere e in particolare della donazione del sangue e degli emocomponenti in modo che anche la nostra citt\u00e0, partendo proprio dal decentramento, raggiunga una forma di autosufficienza atta a garantire la salute della popolazione e soprattutto la qualit\u00e0 e la sicurezza in ambito trasfusionale&#8221;. \u00c8 quanto si legge in una nota stampa del Presidente circoscrizionale, Orazio Lagan\u00e0, in riferimento all&#8217;accordo siglato tra la VI Circoscrizione e l&#8217;Avis.<div id=\"div-gpt-ad-Messinaoggi.it-DSK-300x250-corpoart\" style=\"text-align:center;margin:0 auto;\"><\/div><\/p>\n<p style=\"text-align: justify\">&#8220;Attraverso un programma informativo divulgato nei rispettivi siti istituzionali &#8211; si continua a leggere nella nota &#8211; che coinvolga le varie fasce della popolazione e con l&#8217;organizzazione di eventi sar\u00e0 possibile comunicare e presentare le diverse iniziative collegate, realizzando una sinergia che promuova la prevenzione, ma soprattutto il concetto di donazione, sempre pi\u00f9 rispondente ad una cultura di attenzione e risposta verso i bisogni sociali&#8221;.<div id=\"videoincontent\" style=\"clear:both\";><\/div><\/p>\n","protected":false},"excerpt":{"rendered":"<p>&#8220;Tale collaborazione \u00a0\u00e8 finalizzata a promuovere e sviluppare, nell&#8217;ambito del comprensorio circoscrizionale, iniziative volte alla crescita e alla cultura del volontariato in genere e in particolare della donazione del sangue e degli emocomponenti in modo che anche la nostra citt\u00e0, partendo proprio dal decentramento, raggiunga una forma di autosufficienza atta a garantire la salute della [&hellip;]<\/p>\n","protected":false},"author":10,"featured_media":5089,"comment_status":"closed","ping_status":"open","sticky":false,"template":"","format":"standard","meta":{"ub_ctt_via":"","_mi_skip_tracking":false},"categories":[5],"tags":[],"featured_image_src":"https:\/\/www.messinaoggi.it\/website\/wp-content\/uploads\/2017\/07\/donazione-sangue-2.jpg","author_info":{"display_name":"Paolo Mustica","author_link":"https:\/\/www.messinaoggi.it\/website\/author\/p-mustica\/"},"digistream_id":0,"digistream":false,"_links":{"self":[{"href":"https:\/\/www.messinaoggi.it\/website\/wp-json\/wp\/v2\/posts\/5076"}],"collection":[{"href":"https:\/\/www.messinaoggi.it\/website\/wp-json\/wp\/v2\/posts"}],"about":[{"href":"https:\/\/www.messinaoggi.it\/website\/wp-json\/wp\/v2\/types\/post"}],"author":[{"embeddable":true,"href":"https:\/\/www.messinaoggi.it\/website\/wp-json\/wp\/v2\/users\/10"}],"replies":[{"embeddable":true,"href":"https:\/\/www.messinaoggi.it\/website\/wp-json\/wp\/v2\/comments?post=5076"}],"version-history":[{"count":0,"href":"https:\/\/www.messinaoggi.it\/website\/wp-json\/wp\/v2\/posts\/5076\/revisions"}],"wp:featuredmedia":[{"embeddable":true,"href":"https:\/\/www.messinaoggi.it\/website\/wp-json\/wp\/v2\/media\/5089"}],"wp:attachment":[{"href":"https:\/\/www.messinaoggi.it\/website\/wp-json\/wp\/v2\/media?parent=5076"}],"wp:term":[{"taxonomy":"category","embeddable":true,"href":"https:\/\/www.messinaoggi.it\/website\/wp-json\/wp\/v2\/categories?post=5076"},{"taxonomy":"post_tag","embeddable":true,"href":"https:\/\/www.messinaoggi.it\/website\/wp-json\/wp\/v2\/tags?post=5076"}],"curies":[{"name":"wp","href":"https:\/\/api.w.org\/{rel}","templated":true}]}}