{"id":50451,"date":"2020-12-18T18:40:01","date_gmt":"2020-12-18T17:40:01","guid":{"rendered":"https:\/\/www.messinaoggi.it\/website\/?p=50451"},"modified":"2020-12-18T18:40:01","modified_gmt":"2020-12-18T17:40:01","slug":"ambulantato-selvaggio-sequestri-multe-salate-e-denunce-penali","status":"publish","type":"post","link":"https:\/\/www.messinaoggi.it\/website\/2020\/12\/18\/ambulantato-selvaggio-sequestri-multe-salate-e-denunce-penali\/","title":{"rendered":"Ambulantato selvaggio: sequestri, multe salate e denunce penali"},"content":{"rendered":"<p>Continua senza sosta l\u2019attivit\u00e0 contro l\u2019ambulantato selvaggio da parte della polizia specialistica diretta dal comandante vicario commissario Giovanni Giardina. Per gli abusivi che hanno rifiutato di mettersi in regola e continuano a vivere nell\u2019illegalit\u00e0 si prevedono tempi duri.<br \/>\nE&#8217; stata avviata una vera e propria attivit\u00e0 di indagine che sta interessando gran parte del territorio cittadino, fatta di verifiche documentali appostamenti riscontri con gli uffici pubblici interessati, indagini che ha messo in risalto che molti venditori ancorch\u00e9 abusivi, si erano appropriati di porzioni di territorio pubblico facendolo diventare il proprio negozio a discapito di attivit\u00e0 commerciali regolari e ambulanti autorizzati verso i quali esercitavano (vista l\u2019assenza di spese e fatturazioni) una concorrenza sleale.<br \/>\nNon a caso si \u00e8 accertato che in alcune zone la presenza di un ambulante abusivo che ovviamente vendeva ad un prezzo inferiore visti i costi di gestione nulli, aveva messo in crisi pi\u00f9 rivendite regolari di frutta e verdura rischiando di farle chiudere.<br \/>\n<img loading=\"lazy\" class=\"alignnone wp-image-50453\" src=\"https:\/\/www.messinaoggi.it\/website\/wp-content\/uploads\/2020\/12\/camion-sequestrato-300x214.jpg\" alt=\"\" width=\"416\" height=\"297\" \/><br \/>\nSe a questo si aggiunge poi che alcuni di questi venditori sembrerebbe siano pure percettori del reddito di cittadinanza (gi\u00e0 riscontrato in pi\u00f9 casi dagli uomini del commissario Giardina) appare chiaro l\u2019impossibilit\u00e0 da parte dei venditori regolari di poter essere concorrenziali con gli abusi.<br \/>\nEcco perch\u00e9 il comandante Giardina ha ritenuto quasi un dovere innalzare il livello di attenzione verso detto fenomeno, attivit\u00e0 che sta portando a riscontri eclatanti e che hanno portato al sequestro di migliaia di chilogrammi di frutta (tutta data in beneficenza agli enti assistenziali cittadini) e al sequestro giudiziario dei veicoli e delle attrezzature utilizzate per l\u2019illecita occupazione con sanzioni amministrative e denunce all\u2019Autorit\u00e0 giudiziaria degli irregolari per occupazione abusiva di suolo pubblico. Oltre alla multa, gli abusivi dovranno affrontare un processo penale.<br \/>\nIl commissario Giardina ha tenuto a precisare che l\u2019attivit\u00e0 proseguir\u00e0 in modo incisivo anche nei giorni a seguire ribadendo la disponibilit\u00e0 delle proprie sezioni di polizia specialistica a fornire ogni supporto a tutti quelli che manifesteranno la volont\u00e0 di regolarizzare la propria posizione.<br \/>\nSi segnala che dopo il sequestro giudiziario di due autocarri la scorsa settimana anche oggi un altro venditore abusivo \u00e8 stato oggetto di controllo a seguito del quale si \u00e8 proceduto al sequestro amministrativo di un ingente quantitativo di frutta e al sequestro giudiziario dell\u2019autocarro che fermo su area pubblica da tempo era utilizzato esclusivamente come struttura di vendita e per perpetrare l\u2019occupazione abusiva del suolo pubblico.<div id=\"div-gpt-ad-Messinaoggi.it-DSK-300x250-corpoart\" style=\"text-align:center;margin:0 auto;\"><\/div><\/p>\n<div id=\"videoincontent\" style=\"clear:both\";><\/div>","protected":false},"excerpt":{"rendered":"<p>Continua senza sosta l\u2019attivit\u00e0 contro l\u2019ambulantato selvaggio da parte della polizia specialistica diretta dal comandante vicario commissario Giovanni Giardina. Per gli abusivi che hanno rifiutato di mettersi in regola e continuano a vivere nell\u2019illegalit\u00e0 si prevedono tempi duri. E&#8217; stata avviata una vera e propria attivit\u00e0 di indagine che sta interessando gran parte del territorio [&hellip;]<\/p>\n","protected":false},"author":4,"featured_media":50452,"comment_status":"closed","ping_status":"closed","sticky":false,"template":"","format":"standard","meta":{"ub_ctt_via":"","_mi_skip_tracking":false},"categories":[5],"tags":[],"featured_image_src":"https:\/\/www.messinaoggi.it\/website\/wp-content\/uploads\/2020\/12\/sequestro-vigili-urbani.jpg","author_info":{"display_name":"redme","author_link":"https:\/\/www.messinaoggi.it\/website\/author\/redme\/"},"digistream_id":0,"digistream":false,"_links":{"self":[{"href":"https:\/\/www.messinaoggi.it\/website\/wp-json\/wp\/v2\/posts\/50451"}],"collection":[{"href":"https:\/\/www.messinaoggi.it\/website\/wp-json\/wp\/v2\/posts"}],"about":[{"href":"https:\/\/www.messinaoggi.it\/website\/wp-json\/wp\/v2\/types\/post"}],"author":[{"embeddable":true,"href":"https:\/\/www.messinaoggi.it\/website\/wp-json\/wp\/v2\/users\/4"}],"replies":[{"embeddable":true,"href":"https:\/\/www.messinaoggi.it\/website\/wp-json\/wp\/v2\/comments?post=50451"}],"version-history":[{"count":0,"href":"https:\/\/www.messinaoggi.it\/website\/wp-json\/wp\/v2\/posts\/50451\/revisions"}],"wp:featuredmedia":[{"embeddable":true,"href":"https:\/\/www.messinaoggi.it\/website\/wp-json\/wp\/v2\/media\/50452"}],"wp:attachment":[{"href":"https:\/\/www.messinaoggi.it\/website\/wp-json\/wp\/v2\/media?parent=50451"}],"wp:term":[{"taxonomy":"category","embeddable":true,"href":"https:\/\/www.messinaoggi.it\/website\/wp-json\/wp\/v2\/categories?post=50451"},{"taxonomy":"post_tag","embeddable":true,"href":"https:\/\/www.messinaoggi.it\/website\/wp-json\/wp\/v2\/tags?post=50451"}],"curies":[{"name":"wp","href":"https:\/\/api.w.org\/{rel}","templated":true}]}}