{"id":50436,"date":"2020-12-18T16:20:50","date_gmt":"2020-12-18T15:20:50","guid":{"rendered":"https:\/\/www.messinaoggi.it\/website\/?p=50436"},"modified":"2020-12-18T16:20:50","modified_gmt":"2020-12-18T15:20:50","slug":"rifiuti-e-politica-il-caso-sammartino-scatena-il-caos-tra-italia-viva-e-lega","status":"publish","type":"post","link":"https:\/\/www.messinaoggi.it\/website\/2020\/12\/18\/rifiuti-e-politica-il-caso-sammartino-scatena-il-caos-tra-italia-viva-e-lega\/","title":{"rendered":"Rifiuti e politica, il caso Sammartino scatena il caos tra Italia Viva e Lega"},"content":{"rendered":"<div><span style=\"font-family: verdana, sans-serif;\">Il guasto alla discarica di Lentini che ha chiuso le porte ai decine di autocompattatori di mezza Sicilia non solo ha causato disagi nella raccolta nelle citt\u00e0 coinvolte, ma ha scatenato il solito dibattito politico, figlio a volte di ruggini tra partiti con le tutte le conseguenze che ne derivano. Cos\u00ec \u00e8 bastato il coinvolgimento del renziano, Luca Sammartino indagato per corruzione elettorale, a scatenare l&#8217;ennesima controffensiva, che poi ha poco o nulla a che vedere con l&#8217;emergenza rifiuti, peraltro gi\u00e0 rientrata e scaturita lo ripetiamo per un problema nel sito Lentini.\u00a0<\/span><\/div>\n<div><\/div>\n<div><span style=\"font-family: verdana, sans-serif;\">\u201cCrediamo non servano pi\u00f9 conferme per accendere i riflettori sul Comune di Mascalucia che sta prendendo le preoccupante sembianze di un verminaio di interessi politico-mafiosi\u201d lo affermano il senatore Stefano Candiani, segretario regionale della Lega in Sicilia e il suo vicesegretario Fabio Cantarella commentando gli esiti dell\u2019inchiesta Report che ha portato a un blitz eseguito questa mattina all&#8217;alba dalla Guardia di Finanza etnea e coordinata dalla Direzione Distrettuale Antimafia di Catania.<\/span><\/div>\n<div><span style=\"font-family: verdana, sans-serif;\">\u00a0<\/span><\/div>\n<div><span style=\"font-family: verdana, sans-serif;\">\u201cL\u2019inchiesta su voto di scambio che riguarda l\u2019on. Sammartino &#8211; continuano i vertici leghisti &#8211; \u00e8 soltanto l&#8217;ultimo allarmante segnale sul comune di Mascalucia dopo la vicenda del piano regolatore in mano ai boss o le ombre sulle assunzioni sulla societ\u00e0 di raccolta rifiuti Mosema che avrebbero attirato gli appetiti del clan locale\u201d.<\/span><\/div>\n<div><span style=\"font-family: verdana, sans-serif;\">\u00a0<\/span><\/div>\n<div><span style=\"font-family: verdana, sans-serif;\">Candiani e Cantarella ricordano che \u201cgi\u00e0 quando scoppi\u00f2 il caso dei documenti urbanistici finiti sul tavolo dei mafiosi la Lega aveva lanciato un allarme che rimase inascoltato tanto che scegliemmo con l&#8217;allora assessore Sonia Grasso di lasciare la giunta. Adesso per\u00f2 non si pu\u00f2 pi\u00f9 far finta di nulla, serve fare luce su una situazione che rischia di compromettere totalmente la credibilit\u00e0 del Comune&#8221;.<\/span><\/div>\n<div><\/div>\n<div><span style=\"font-family: verdana, sans-serif;\">Ed \u00e8 in Consiglio comunale, questa volta a Catania, che si scatena la replica probabilmente fuori luogo di un consigliere di Italia Viva, Peppe Gelsomino, che a sua volta attacca l&#8217;assessore leghista all&#8217;Ecologia, Fabio Cantarella, chiedendo addirittura le dimissioni. Ma per quale motivo? Una ritorsione per i fatti denunciati dalla Lega a Mascalucia? Probabilmente s\u00ec o forse anche una caduta di stile perch\u00e9 accusare che la citt\u00e0 di Catania \u00e8 sporca come la Lega non depone a favore della politica che rischia di far allontanare la gente, creando inutili tensioni e sterili polemiche.<\/span><\/div>\n<div><\/div>\n<div><span style=\"font-family: verdana, sans-serif;\">La Sicilia ha bisogno di proposte e fatti ed in tema di rifiuti servir\u00e0 remare tutti dalla stessa parte perch\u00e9 le emergenze riguardano Messina, Palermo, Catania, nessuno escluso e quindi chiacchiere e parole al vetriolo meglio evitarle, a maggior ragione se dette all&#8217;interno dei palazzi istituzionali.<\/span><\/div>\n<div><\/div>\n<div id=\"div-gpt-ad-Messinaoggi.it-DSK-300x250-corpoart\" style=\"text-align:center;margin:0 auto;\"><\/div><\/p><div id=\"videoincontent\" style=\"clear:both\";><\/div>","protected":false},"excerpt":{"rendered":"<p>Il guasto alla discarica di Lentini che ha chiuso le porte ai decine di autocompattatori di mezza Sicilia non solo ha causato disagi nella raccolta nelle citt\u00e0 coinvolte, ma ha scatenato il solito dibattito politico, figlio a volte di ruggini tra partiti con le tutte le conseguenze che ne derivano. Cos\u00ec \u00e8 bastato il coinvolgimento [&hellip;]<\/p>\n","protected":false},"author":4,"featured_media":50437,"comment_status":"closed","ping_status":"closed","sticky":false,"template":"","format":"standard","meta":{"ub_ctt_via":"","_mi_skip_tracking":false},"categories":[11],"tags":[],"featured_image_src":"https:\/\/www.messinaoggi.it\/website\/wp-content\/uploads\/2020\/12\/sammartino.jpg","author_info":{"display_name":"redme","author_link":"https:\/\/www.messinaoggi.it\/website\/author\/redme\/"},"digistream_id":0,"digistream":false,"_links":{"self":[{"href":"https:\/\/www.messinaoggi.it\/website\/wp-json\/wp\/v2\/posts\/50436"}],"collection":[{"href":"https:\/\/www.messinaoggi.it\/website\/wp-json\/wp\/v2\/posts"}],"about":[{"href":"https:\/\/www.messinaoggi.it\/website\/wp-json\/wp\/v2\/types\/post"}],"author":[{"embeddable":true,"href":"https:\/\/www.messinaoggi.it\/website\/wp-json\/wp\/v2\/users\/4"}],"replies":[{"embeddable":true,"href":"https:\/\/www.messinaoggi.it\/website\/wp-json\/wp\/v2\/comments?post=50436"}],"version-history":[{"count":0,"href":"https:\/\/www.messinaoggi.it\/website\/wp-json\/wp\/v2\/posts\/50436\/revisions"}],"wp:featuredmedia":[{"embeddable":true,"href":"https:\/\/www.messinaoggi.it\/website\/wp-json\/wp\/v2\/media\/50437"}],"wp:attachment":[{"href":"https:\/\/www.messinaoggi.it\/website\/wp-json\/wp\/v2\/media?parent=50436"}],"wp:term":[{"taxonomy":"category","embeddable":true,"href":"https:\/\/www.messinaoggi.it\/website\/wp-json\/wp\/v2\/categories?post=50436"},{"taxonomy":"post_tag","embeddable":true,"href":"https:\/\/www.messinaoggi.it\/website\/wp-json\/wp\/v2\/tags?post=50436"}],"curies":[{"name":"wp","href":"https:\/\/api.w.org\/{rel}","templated":true}]}}