{"id":50432,"date":"2020-12-18T15:25:55","date_gmt":"2020-12-18T14:25:55","guid":{"rendered":"https:\/\/www.messinaoggi.it\/website\/?p=50432"},"modified":"2020-12-18T15:25:55","modified_gmt":"2020-12-18T14:25:55","slug":"trasporto-aereo-in-ginocchio-per-il-covid-sindacati-invocano-lintervento-della-regione","status":"publish","type":"post","link":"https:\/\/www.messinaoggi.it\/website\/2020\/12\/18\/trasporto-aereo-in-ginocchio-per-il-covid-sindacati-invocano-lintervento-della-regione\/","title":{"rendered":"Trasporto aereo in ginocchio per il Covid, sindacati invocano l&#039;intervento della Regione"},"content":{"rendered":"<div>&#8220;La pandemia ha praticamente azzerato l\u2019operativit\u00e0 del trasporto aereo, determinando una crisi senza precedenti in un settore nevralgico che occupa in Sicilia quasi 5 mila lavoratori, considerando anche l\u2019indotto. Al Governo regionale abbiamo evidenziato che le misure fin qui prese sono solo a\u00a0 favore delle compagnie aeree, abbandonando a se stesse le societ\u00e0 della filiera, dalla gestione aeroportuale all&#8217;handling, dal catering alla manutenzione. Senza interventi immediati a sostengo del settore, rischiamo una catastrofe devastante&#8221;. Lo mettono nero su bianco Gaetano Bonavia (Filt Cgil), Antonio Dei Bardi (Fit Cisl), Domenico De Cosimo (Ugl Trasporto aereo) e Gianluca Colombino (Legea Cisal) in una nota congiunta.<\/div>\n<div><\/div>\n<div>&#8220;Bisogna attuare modifiche legislative sugli ammortizzatori sociali, finanziare e modificare il regolamento del fondo di solidariet\u00e0 del trasporto aereo, ristorare le aziende &#8211; continuano le organizzazioni sindacali &#8211; perch\u00e9 \u00e8 evidente che gli strumenti ordinari non bastano a fronteggiare la crisi che viviamo, specie in un&#8217;Isola come la Sicilia. Chiediamo l&#8217;immediata convocazione di un tavolo con la Regione per individuare soluzioni che mettano in sicurezza i posti di lavoro di migliaia di persone&#8221;.<\/div>\n<div id=\"div-gpt-ad-Messinaoggi.it-DSK-300x250-corpoart\" style=\"text-align:center;margin:0 auto;\"><\/div><\/p><div id=\"videoincontent\" style=\"clear:both\";><\/div>","protected":false},"excerpt":{"rendered":"<p>&#8220;La pandemia ha praticamente azzerato l\u2019operativit\u00e0 del trasporto aereo, determinando una crisi senza precedenti in un settore nevralgico che occupa in Sicilia quasi 5 mila lavoratori, considerando anche l\u2019indotto. Al Governo regionale abbiamo evidenziato che le misure fin qui prese sono solo a\u00a0 favore delle compagnie aeree, abbandonando a se stesse le societ\u00e0 della filiera, [&hellip;]<\/p>\n","protected":false},"author":4,"featured_media":7267,"comment_status":"closed","ping_status":"closed","sticky":false,"template":"","format":"standard","meta":{"ub_ctt_via":"","_mi_skip_tracking":false},"categories":[221],"tags":[],"featured_image_src":"https:\/\/www.messinaoggi.it\/website\/wp-content\/uploads\/2017\/09\/Aeroporto-CT-interno-gate-messinaoggiMR-2.jpg","author_info":{"display_name":"redme","author_link":"https:\/\/www.messinaoggi.it\/website\/author\/redme\/"},"digistream_id":0,"digistream":false,"_links":{"self":[{"href":"https:\/\/www.messinaoggi.it\/website\/wp-json\/wp\/v2\/posts\/50432"}],"collection":[{"href":"https:\/\/www.messinaoggi.it\/website\/wp-json\/wp\/v2\/posts"}],"about":[{"href":"https:\/\/www.messinaoggi.it\/website\/wp-json\/wp\/v2\/types\/post"}],"author":[{"embeddable":true,"href":"https:\/\/www.messinaoggi.it\/website\/wp-json\/wp\/v2\/users\/4"}],"replies":[{"embeddable":true,"href":"https:\/\/www.messinaoggi.it\/website\/wp-json\/wp\/v2\/comments?post=50432"}],"version-history":[{"count":0,"href":"https:\/\/www.messinaoggi.it\/website\/wp-json\/wp\/v2\/posts\/50432\/revisions"}],"wp:featuredmedia":[{"embeddable":true,"href":"https:\/\/www.messinaoggi.it\/website\/wp-json\/wp\/v2\/media\/7267"}],"wp:attachment":[{"href":"https:\/\/www.messinaoggi.it\/website\/wp-json\/wp\/v2\/media?parent=50432"}],"wp:term":[{"taxonomy":"category","embeddable":true,"href":"https:\/\/www.messinaoggi.it\/website\/wp-json\/wp\/v2\/categories?post=50432"},{"taxonomy":"post_tag","embeddable":true,"href":"https:\/\/www.messinaoggi.it\/website\/wp-json\/wp\/v2\/tags?post=50432"}],"curies":[{"name":"wp","href":"https:\/\/api.w.org\/{rel}","templated":true}]}}