{"id":50396,"date":"2020-12-18T07:40:50","date_gmt":"2020-12-18T06:40:50","guid":{"rendered":"https:\/\/www.messinaoggi.it\/website\/?p=50396"},"modified":"2020-12-18T07:40:50","modified_gmt":"2020-12-18T06:40:50","slug":"arcuri-27-dicembre-v-day-italiani-vaccinati-entro-lautunno","status":"publish","type":"post","link":"https:\/\/www.messinaoggi.it\/website\/2020\/12\/18\/arcuri-27-dicembre-v-day-italiani-vaccinati-entro-lautunno\/","title":{"rendered":"Arcuri \u201c27 dicembre V-Day, italiani vaccinati entro l\u2019autunno\u201d"},"content":{"rendered":"<div style=\"text-align: justify;\">ROMA (ITALPRESS) &#8211; &#8220;I cittadini Ue inizieranno a vaccinarsi tutti il 27 dicembre, sar\u00e0 un giorno simbolico e noi cominceremo a vaccinare i target che il Parlamento ha approvato. Il 27 sar\u00e0 un bel giorno, un giorno simbolico e speriamo che nei giorni successivi, anche entro fine anno, si possa cominciare con la regolare vaccinazione&#8221;. Lo ha detto il commissario straordinario per l&#8217;emergenza, Domenico Arcuri, in conferenza stampa.<br \/>\n&#8220;Anche nel giorno simbolico cominceremo dal personale sanitario e con gli ospiti delle Rsa, stiamo lavorando perch\u00e8 possa esserci un inizio della somministrazione in tutte le regioni italiane e possa essere simultaneo. Crediamo che sia la scelta pi\u00f9 giusta e coerente con la storia triste di questa emergenza. Sono le persone che pi\u00f9 hanno lavorato e pagato&#8221;, ha aggiunto Arcuri annunciando che la riunione di Moderna &#8220;prevista per il 12 gennaio ora \u00e8 stata anticipata al 6 gennaio. All&#8217;Italia spetteranno 202 milioni di dosi, purtroppo non pi\u00f9 in 15 mesi ma in 21. Confermiamo di avere una quantit\u00e0 sufficiente di dosi per poter vaccinare entro l&#8217;autunno tutti gli italiani che lo vorranno&#8221;. Dopo aver vaccinato il personale sanitario e gli ospiti delle rsa, per vaccinare il resto della popolazione &#8220;non ci sar\u00e0 nessuna fila &#8211; ha spiegato &#8211; ma una ordinata somministrazione, non serve agitarsi ma avere fiducia ed essere responsabili&#8221;. Commentando i dati dei contagi degli ultimi giorni ha poi sottolineato che la curva si sia stabilmente congelata &#8220;ma confermiamo che non si \u00e8 appiattita, non \u00e8 scomparsa. Sarebbe complicato iniziare la pi\u00f9 grande campagna di vaccinazione di massa in una condizione in cui ci sia una recrudescenza della curva, che tutto definiamo terza ondata. Dobbiamo capire tutti che c&#8217;\u00e8 bisogno di un ultimo sforzo&#8221;.<br \/>\n(ITALPRESS).<\/div>\n<div id=\"div-gpt-ad-Messinaoggi.it-DSK-300x250-corpoart\" style=\"text-align:center;margin:0 auto;\"><\/div><\/p><div id=\"videoincontent\" style=\"clear:both\";><\/div>","protected":false},"excerpt":{"rendered":"<p>ROMA (ITALPRESS) &#8211; &#8220;I cittadini Ue inizieranno a vaccinarsi tutti il 27 dicembre, sar\u00e0 un giorno simbolico e noi cominceremo a vaccinare i target che il Parlamento ha approvato. Il 27 sar\u00e0 un bel giorno, un giorno simbolico e speriamo che nei giorni successivi, anche entro fine anno, si possa cominciare con la regolare vaccinazione&#8221;. [&hellip;]<\/p>\n","protected":false},"author":2,"featured_media":50397,"comment_status":"closed","ping_status":"closed","sticky":false,"template":"","format":"standard","meta":{"ub_ctt_via":"","_mi_skip_tracking":false},"categories":[446,11],"tags":[],"featured_image_src":"https:\/\/www.messinaoggi.it\/website\/wp-content\/uploads\/2020\/12\/20201217_3298.jpg","author_info":{"display_name":"Redazione","author_link":"https:\/\/www.messinaoggi.it\/website\/author\/redazione\/"},"digistream_id":0,"digistream":false,"_links":{"self":[{"href":"https:\/\/www.messinaoggi.it\/website\/wp-json\/wp\/v2\/posts\/50396"}],"collection":[{"href":"https:\/\/www.messinaoggi.it\/website\/wp-json\/wp\/v2\/posts"}],"about":[{"href":"https:\/\/www.messinaoggi.it\/website\/wp-json\/wp\/v2\/types\/post"}],"author":[{"embeddable":true,"href":"https:\/\/www.messinaoggi.it\/website\/wp-json\/wp\/v2\/users\/2"}],"replies":[{"embeddable":true,"href":"https:\/\/www.messinaoggi.it\/website\/wp-json\/wp\/v2\/comments?post=50396"}],"version-history":[{"count":0,"href":"https:\/\/www.messinaoggi.it\/website\/wp-json\/wp\/v2\/posts\/50396\/revisions"}],"wp:featuredmedia":[{"embeddable":true,"href":"https:\/\/www.messinaoggi.it\/website\/wp-json\/wp\/v2\/media\/50397"}],"wp:attachment":[{"href":"https:\/\/www.messinaoggi.it\/website\/wp-json\/wp\/v2\/media?parent=50396"}],"wp:term":[{"taxonomy":"category","embeddable":true,"href":"https:\/\/www.messinaoggi.it\/website\/wp-json\/wp\/v2\/categories?post=50396"},{"taxonomy":"post_tag","embeddable":true,"href":"https:\/\/www.messinaoggi.it\/website\/wp-json\/wp\/v2\/tags?post=50396"}],"curies":[{"name":"wp","href":"https:\/\/api.w.org\/{rel}","templated":true}]}}