{"id":50292,"date":"2020-12-15T22:56:33","date_gmt":"2020-12-15T21:56:33","guid":{"rendered":"https:\/\/www.messinaoggi.it\/website\/?p=50292"},"modified":"2020-12-15T22:56:33","modified_gmt":"2020-12-15T21:56:33","slug":"stelle-natalizie-piante-e-fiori-messina-cambia-look-per-le-feste","status":"publish","type":"post","link":"https:\/\/www.messinaoggi.it\/website\/2020\/12\/15\/stelle-natalizie-piante-e-fiori-messina-cambia-look-per-le-feste\/","title":{"rendered":"Stelle natalizie, piante e fiori: Messina cambia look per le feste"},"content":{"rendered":"<p>Si avvicina il Natale e Messina si rif\u00e0 il look, cercando di riprendere un po&#8217; di colore per fronteggiare il periodo grigio dell&#8217;emergenza Covid.<br \/>\nSaranno delle festivit\u00e0 inedite per il primo Natale con la pandemia, ma di certo la voglia di superare questo momento anima un po&#8217; tutti. Cos\u00ec l&#8217;Amministrazione comunale ha abbellito le principali piazze del centro storico con piante e tipiche composizioni natalizie.<br \/>\n<img loading=\"lazy\" class=\"alignnone wp-image-50294\" src=\"https:\/\/www.messinaoggi.it\/website\/wp-content\/uploads\/2020\/12\/stelle-di-natale-aiuola-300x169.jpg\" alt=\"\" width=\"433\" height=\"244\" \/><br \/>\nBalza subito agli occhi il rosso delle stelle di Natale, ma altre piante fanno bella figura nelle fioriere di piazza Cairoli, piazza Duomo ed in altri luoghi suggestivi della citt\u00e0 peloritana.<br \/>\n<img loading=\"lazy\" class=\"alignnone wp-image-50295\" src=\"https:\/\/www.messinaoggi.it\/website\/wp-content\/uploads\/2020\/12\/piazza-duomo-300x169.jpg\" alt=\"\" width=\"430\" height=\"242\" \/><br \/>\n&#8220;Abbiamo avviato un&#8217;opera di restyling delle piazze cittadine in vista del Natale &#8211; afferma l&#8217;assessore con delega all&#8217;Arredo urbano, Massimiliano Minutoli &#8211; ma non finisce qui. Con il nuovo anno, la gestione dell&#8217;arredo urbano passer\u00e0 alla Messina servizi ci sar\u00e0 la possibilit\u00e0 di avere una continuit\u00e0 nella sistemazione delle aiuole e degli spazi pubblici&#8221;.<br \/>\n <div id=\"div-gpt-ad-Messinaoggi.it-DSK-300x250-corpoart\" style=\"text-align:center;margin:0 auto;\"><\/div><\/p>\n<div id=\"videoincontent\" style=\"clear:both\";><\/div>","protected":false},"excerpt":{"rendered":"<p>Si avvicina il Natale e Messina si rif\u00e0 il look, cercando di riprendere un po&#8217; di colore per fronteggiare il periodo grigio dell&#8217;emergenza Covid. Saranno delle festivit\u00e0 inedite per il primo Natale con la pandemia, ma di certo la voglia di superare questo momento anima un po&#8217; tutti. Cos\u00ec l&#8217;Amministrazione comunale ha abbellito le principali [&hellip;]<\/p>\n","protected":false},"author":4,"featured_media":50293,"comment_status":"closed","ping_status":"closed","sticky":false,"template":"","format":"standard","meta":{"ub_ctt_via":"","_mi_skip_tracking":false},"categories":[5],"tags":[],"featured_image_src":"https:\/\/www.messinaoggi.it\/website\/wp-content\/uploads\/2020\/12\/piazza-cairoli-tram-natale.jpg","author_info":{"display_name":"redme","author_link":"https:\/\/www.messinaoggi.it\/website\/author\/redme\/"},"digistream_id":0,"digistream":false,"_links":{"self":[{"href":"https:\/\/www.messinaoggi.it\/website\/wp-json\/wp\/v2\/posts\/50292"}],"collection":[{"href":"https:\/\/www.messinaoggi.it\/website\/wp-json\/wp\/v2\/posts"}],"about":[{"href":"https:\/\/www.messinaoggi.it\/website\/wp-json\/wp\/v2\/types\/post"}],"author":[{"embeddable":true,"href":"https:\/\/www.messinaoggi.it\/website\/wp-json\/wp\/v2\/users\/4"}],"replies":[{"embeddable":true,"href":"https:\/\/www.messinaoggi.it\/website\/wp-json\/wp\/v2\/comments?post=50292"}],"version-history":[{"count":0,"href":"https:\/\/www.messinaoggi.it\/website\/wp-json\/wp\/v2\/posts\/50292\/revisions"}],"wp:featuredmedia":[{"embeddable":true,"href":"https:\/\/www.messinaoggi.it\/website\/wp-json\/wp\/v2\/media\/50293"}],"wp:attachment":[{"href":"https:\/\/www.messinaoggi.it\/website\/wp-json\/wp\/v2\/media?parent=50292"}],"wp:term":[{"taxonomy":"category","embeddable":true,"href":"https:\/\/www.messinaoggi.it\/website\/wp-json\/wp\/v2\/categories?post=50292"},{"taxonomy":"post_tag","embeddable":true,"href":"https:\/\/www.messinaoggi.it\/website\/wp-json\/wp\/v2\/tags?post=50292"}],"curies":[{"name":"wp","href":"https:\/\/api.w.org\/{rel}","templated":true}]}}