{"id":50247,"date":"2020-12-14T12:52:41","date_gmt":"2020-12-14T11:52:41","guid":{"rendered":"https:\/\/www.messinaoggi.it\/website\/?p=50247"},"modified":"2020-12-14T12:52:41","modified_gmt":"2020-12-14T11:52:41","slug":"sport-anche-il-presidente-gravina-sara-presente-al-webinar-il-diritto-dello-sport","status":"publish","type":"post","link":"https:\/\/www.messinaoggi.it\/website\/2020\/12\/14\/sport-anche-il-presidente-gravina-sara-presente-al-webinar-il-diritto-dello-sport\/","title":{"rendered":"SPORT &#8211; Anche il presidente Gravina sar\u00e0 presente al webinar &quot;Il Diritto dello Sport&quot;"},"content":{"rendered":"<h6><em><strong>In programma dal 14 a 16 dicembre, organizzato dall&#8217;Associazione &#8220;SIAMOTUTTIPARTE&#8221;<\/strong><\/em><\/h6>\n<p> <div id=\"div-gpt-ad-Messinaoggi.it-DSK-300x250-corpoart\" style=\"text-align:center;margin:0 auto;\"><\/div><\/p>\n<p style=\"text-align: justify\">Si parler\u00e0 di diritto allo sport in tempo di pandemia, di responsabilit\u00e0 oggettiva alla luce della riforma del Codice di Giustizia Sportiva, dei poteri e delle competenze delle ASL territoriali sulle societ\u00e0 sportive, di responsabilit\u00e0 delle societ\u00e0 sportive nella gestione dell\u2019emergenza Covid 19, di eSports, nel webinar \u201cIl Diritto dello Sport\u201d in programma dal 14 al 16 dicembre.<div id=\"videoincontent\" style=\"clear:both\";><\/div><\/p>\n<p style=\"text-align: justify\">Tre giorni di lavoro moderati dall\u2019avvocato Giovanni Villari, Presidente dell\u2019associazione \u201cSiamotuttiparte\u201d nel corso dei quali, si confronteranno autorevoli esperti del settore: il Presidente della FIGC, Gabriele Gravina, il Prof. Alberto Gambino, Direttore della rivista di diritto sportivo del CONI, il Prof. Piero Sandulli, Presidente della Corte Sportiva di Appello della FIGC ed ancora, il Prof. Paco D\u2019Onofrio, storico difensore di Luciano Moggi nel processo Calciopoli, l\u2019Avvocato Cesare Di Cintio, il prof. Carlo Rombol\u00e0, il prof. Enrico Lubrano e la prof.ssa Lina Musumarra.<\/p>\n<p style=\"text-align: justify\">Nel corso del Convegno, ci sar\u00e0 anche la testimonianza di Marco Amelia, ex portiere della Nazionale italiana.<\/p>\n","protected":false},"excerpt":{"rendered":"<p>In programma dal 14 a 16 dicembre, organizzato dall&#8217;Associazione &#8220;SIAMOTUTTIPARTE&#8221; Si parler\u00e0 di diritto allo sport in tempo di pandemia, di responsabilit\u00e0 oggettiva alla luce della riforma del Codice di Giustizia Sportiva, dei poteri e delle competenze delle ASL territoriali sulle societ\u00e0 sportive, di responsabilit\u00e0 delle societ\u00e0 sportive nella gestione dell\u2019emergenza Covid 19, di eSports, [&hellip;]<\/p>\n","protected":false},"author":17,"featured_media":50248,"comment_status":"closed","ping_status":"closed","sticky":false,"template":"","format":"standard","meta":{"ub_ctt_via":"","_mi_skip_tracking":false},"categories":[9],"tags":[464,465],"featured_image_src":"https:\/\/www.messinaoggi.it\/website\/wp-content\/uploads\/2020\/12\/gabriele-gravina.jpg","author_info":{"display_name":"Giuseppe Luppino","author_link":"https:\/\/www.messinaoggi.it\/website\/author\/g-luppino\/"},"digistream_id":0,"digistream":false,"_links":{"self":[{"href":"https:\/\/www.messinaoggi.it\/website\/wp-json\/wp\/v2\/posts\/50247"}],"collection":[{"href":"https:\/\/www.messinaoggi.it\/website\/wp-json\/wp\/v2\/posts"}],"about":[{"href":"https:\/\/www.messinaoggi.it\/website\/wp-json\/wp\/v2\/types\/post"}],"author":[{"embeddable":true,"href":"https:\/\/www.messinaoggi.it\/website\/wp-json\/wp\/v2\/users\/17"}],"replies":[{"embeddable":true,"href":"https:\/\/www.messinaoggi.it\/website\/wp-json\/wp\/v2\/comments?post=50247"}],"version-history":[{"count":0,"href":"https:\/\/www.messinaoggi.it\/website\/wp-json\/wp\/v2\/posts\/50247\/revisions"}],"wp:featuredmedia":[{"embeddable":true,"href":"https:\/\/www.messinaoggi.it\/website\/wp-json\/wp\/v2\/media\/50248"}],"wp:attachment":[{"href":"https:\/\/www.messinaoggi.it\/website\/wp-json\/wp\/v2\/media?parent=50247"}],"wp:term":[{"taxonomy":"category","embeddable":true,"href":"https:\/\/www.messinaoggi.it\/website\/wp-json\/wp\/v2\/categories?post=50247"},{"taxonomy":"post_tag","embeddable":true,"href":"https:\/\/www.messinaoggi.it\/website\/wp-json\/wp\/v2\/tags?post=50247"}],"curies":[{"name":"wp","href":"https:\/\/api.w.org\/{rel}","templated":true}]}}