{"id":50110,"date":"2020-12-11T14:54:43","date_gmt":"2020-12-11T13:54:43","guid":{"rendered":"https:\/\/www.messinaoggi.it\/website\/?p=50110"},"modified":"2020-12-11T14:54:43","modified_gmt":"2020-12-11T13:54:43","slug":"gioveni-chiarezza-e-rilancio-del-mini-autodromo-di-santagata","status":"publish","type":"post","link":"https:\/\/www.messinaoggi.it\/website\/2020\/12\/11\/gioveni-chiarezza-e-rilancio-del-mini-autodromo-di-santagata\/","title":{"rendered":"Gioveni: &quot;Chiarezza e rilancio del mini autodromo di Sant&#039;Agata&quot;"},"content":{"rendered":"<p>&#8220;Tutto tace gi\u00e0 da fin troppo tempo sulle sorti future del mini autodromo di Sant&#8217;Agata, dismesso ormai da 8 anni, e credo sia giunto il momento di fare chiarezza con l&#8217;obiettivo di recuperare questa preziosa struttura&#8221;: \u00e8 questo il monito del consigliere comunale Libero Gioveni, capogruppo di Fratelli d&#8217;Italia, che denuncia lo stato di totale abbandono dell&#8217;impianto ed intende convocare in Commissione lavori pubblici, congiuntamente con la Commissione Sport, gli assessori al ramo per conoscere i programmi dell&#8217;Amministrazione.<br \/>\nNon \u00e8 tollerabile che in una citt\u00e0 carente di impianti sportivi decenti si continui con la totale assenza di politiche di recupero e valorizzazione. Il mini autodromo fa gola a tanti appassionati di automodellismo &#8211; prosegue il consigliere &#8211; per non parlare del fatto che il prossimo anno era previsto anche che si svolgesse a Messina il campionato europeo, ma stante questo stato di cose credo che la nostra citt\u00e0 debba andare incontro all&#8217;ennesima rinuncia.<br \/>\n<img loading=\"lazy\" class=\"alignnone wp-image-50112\" src=\"https:\/\/www.messinaoggi.it\/website\/wp-content\/uploads\/2020\/12\/mini-autodromo-santagata-tribuna-300x225.jpg\" alt=\"\" width=\"397\" height=\"298\" \/><br \/>\nCertamente in questo contesto sar\u00e0 anche necessario capire &#8211; evidenzia l&#8217;esponente di FdI &#8211; se il contenzioso col Demanio sul mancato versamento dei canoni pregressi da parte del Comune sia stato definito, perch\u00e9 evidentemente anche questo potrebbe rappresentare un ostacolo alla volont\u00e0 politica rivolta al recupero dell&#8217;impianto.<br \/>\nCos\u00ec come sar\u00e0 necessario capire &#8211; conclude Gioveni &#8211; al netto dell&#8217;eventuale debito col Demanio, come l&#8217;Amministrazione intender\u00e0 procedere, ossia se vorr\u00e0 prima investire per riqualificarlo, oppure procedere direttamente alla pubblicazione di un bando col quale si chieder\u00e0 ai partecipanti di provvedere direttamente al recupero contestualmente all&#8217;assegnazione&#8221;.<div id=\"div-gpt-ad-Messinaoggi.it-DSK-300x250-corpoart\" style=\"text-align:center;margin:0 auto;\"><\/div><\/p>\n<div id=\"videoincontent\" style=\"clear:both\";><\/div>","protected":false},"excerpt":{"rendered":"<p>&#8220;Tutto tace gi\u00e0 da fin troppo tempo sulle sorti future del mini autodromo di Sant&#8217;Agata, dismesso ormai da 8 anni, e credo sia giunto il momento di fare chiarezza con l&#8217;obiettivo di recuperare questa preziosa struttura&#8221;: \u00e8 questo il monito del consigliere comunale Libero Gioveni, capogruppo di Fratelli d&#8217;Italia, che denuncia lo stato di totale [&hellip;]<\/p>\n","protected":false},"author":4,"featured_media":50113,"comment_status":"closed","ping_status":"closed","sticky":false,"template":"","format":"standard","meta":{"ub_ctt_via":"","_mi_skip_tracking":false},"categories":[5],"tags":[],"featured_image_src":"https:\/\/www.messinaoggi.it\/website\/wp-content\/uploads\/2020\/12\/mini-autodromo-di-santagata.jpg","author_info":{"display_name":"redme","author_link":"https:\/\/www.messinaoggi.it\/website\/author\/redme\/"},"digistream_id":0,"digistream":false,"_links":{"self":[{"href":"https:\/\/www.messinaoggi.it\/website\/wp-json\/wp\/v2\/posts\/50110"}],"collection":[{"href":"https:\/\/www.messinaoggi.it\/website\/wp-json\/wp\/v2\/posts"}],"about":[{"href":"https:\/\/www.messinaoggi.it\/website\/wp-json\/wp\/v2\/types\/post"}],"author":[{"embeddable":true,"href":"https:\/\/www.messinaoggi.it\/website\/wp-json\/wp\/v2\/users\/4"}],"replies":[{"embeddable":true,"href":"https:\/\/www.messinaoggi.it\/website\/wp-json\/wp\/v2\/comments?post=50110"}],"version-history":[{"count":0,"href":"https:\/\/www.messinaoggi.it\/website\/wp-json\/wp\/v2\/posts\/50110\/revisions"}],"wp:featuredmedia":[{"embeddable":true,"href":"https:\/\/www.messinaoggi.it\/website\/wp-json\/wp\/v2\/media\/50113"}],"wp:attachment":[{"href":"https:\/\/www.messinaoggi.it\/website\/wp-json\/wp\/v2\/media?parent=50110"}],"wp:term":[{"taxonomy":"category","embeddable":true,"href":"https:\/\/www.messinaoggi.it\/website\/wp-json\/wp\/v2\/categories?post=50110"},{"taxonomy":"post_tag","embeddable":true,"href":"https:\/\/www.messinaoggi.it\/website\/wp-json\/wp\/v2\/tags?post=50110"}],"curies":[{"name":"wp","href":"https:\/\/api.w.org\/{rel}","templated":true}]}}