{"id":50078,"date":"2020-12-11T07:15:13","date_gmt":"2020-12-11T06:15:13","guid":{"rendered":"https:\/\/www.messinaoggi.it\/website\/?p=50078"},"modified":"2020-12-11T07:15:13","modified_gmt":"2020-12-11T06:15:13","slug":"amam-interventi-alla-condotta-fognaria-sul-viale-regina-elena","status":"publish","type":"post","link":"https:\/\/www.messinaoggi.it\/website\/2020\/12\/11\/amam-interventi-alla-condotta-fognaria-sul-viale-regina-elena\/","title":{"rendered":"Amam, interventi alla condotta fognaria sul viale Regina Elena"},"content":{"rendered":"<p>Luned\u00ec 14, dalle ore 8.45 alle 18, sar\u00e0 vietata la sosta su entrambi i lati di viale Regina Elena, tra i numeri civici 127 e 221.<br \/>\nLa limitazione \u00e8 stata disposta per consentire all\u2019Amam l\u2019esecuzione di un intervento di manutenzione programmata sulla condotta fognaria.<div id=\"div-gpt-ad-Messinaoggi.it-DSK-300x250-corpoart\" style=\"text-align:center;margin:0 auto;\"><\/div><\/p>\n<div id=\"videoincontent\" style=\"clear:both\";><\/div>","protected":false},"excerpt":{"rendered":"<p>Luned\u00ec 14, dalle ore 8.45 alle 18, sar\u00e0 vietata la sosta su entrambi i lati di viale Regina Elena, tra i numeri civici 127 e 221. La limitazione \u00e8 stata disposta per consentire all\u2019Amam l\u2019esecuzione di un intervento di manutenzione programmata sulla condotta fognaria.<\/p>\n","protected":false},"author":4,"featured_media":30175,"comment_status":"closed","ping_status":"closed","sticky":false,"template":"","format":"standard","meta":{"ub_ctt_via":"","_mi_skip_tracking":false},"categories":[5],"tags":[],"featured_image_src":"https:\/\/www.messinaoggi.it\/website\/wp-content\/uploads\/2019\/03\/20190306_091456.jpg","author_info":{"display_name":"redme","author_link":"https:\/\/www.messinaoggi.it\/website\/author\/redme\/"},"digistream_id":0,"digistream":false,"_links":{"self":[{"href":"https:\/\/www.messinaoggi.it\/website\/wp-json\/wp\/v2\/posts\/50078"}],"collection":[{"href":"https:\/\/www.messinaoggi.it\/website\/wp-json\/wp\/v2\/posts"}],"about":[{"href":"https:\/\/www.messinaoggi.it\/website\/wp-json\/wp\/v2\/types\/post"}],"author":[{"embeddable":true,"href":"https:\/\/www.messinaoggi.it\/website\/wp-json\/wp\/v2\/users\/4"}],"replies":[{"embeddable":true,"href":"https:\/\/www.messinaoggi.it\/website\/wp-json\/wp\/v2\/comments?post=50078"}],"version-history":[{"count":0,"href":"https:\/\/www.messinaoggi.it\/website\/wp-json\/wp\/v2\/posts\/50078\/revisions"}],"wp:featuredmedia":[{"embeddable":true,"href":"https:\/\/www.messinaoggi.it\/website\/wp-json\/wp\/v2\/media\/30175"}],"wp:attachment":[{"href":"https:\/\/www.messinaoggi.it\/website\/wp-json\/wp\/v2\/media?parent=50078"}],"wp:term":[{"taxonomy":"category","embeddable":true,"href":"https:\/\/www.messinaoggi.it\/website\/wp-json\/wp\/v2\/categories?post=50078"},{"taxonomy":"post_tag","embeddable":true,"href":"https:\/\/www.messinaoggi.it\/website\/wp-json\/wp\/v2\/tags?post=50078"}],"curies":[{"name":"wp","href":"https:\/\/api.w.org\/{rel}","templated":true}]}}