{"id":49937,"date":"2020-12-08T11:50:28","date_gmt":"2020-12-08T10:50:28","guid":{"rendered":"https:\/\/www.messinaoggi.it\/website\/?p=49937"},"modified":"2020-12-08T11:50:28","modified_gmt":"2020-12-08T10:50:28","slug":"acque-meteoriche-da-domani-lavori-in-via-leonardo-sciascia","status":"publish","type":"post","link":"https:\/\/www.messinaoggi.it\/website\/2020\/12\/08\/acque-meteoriche-da-domani-lavori-in-via-leonardo-sciascia\/","title":{"rendered":"Acque meteoriche, da domani lavori in via Leonardo Sciascia"},"content":{"rendered":"<div class=\"o9v6fnle cxmmr5t8 oygrvhab hcukyx3x c1et5uql ii04i59q\" style=\"overflow-wrap: break-word; margin: 0.5em 0px 0px; white-space: pre-wrap; font-family: Segoe UI Historic, Segoe UI, Helvetica, Arial, sans-serif; color: #050505; font-size: 15px; font-style: normal; font-variant-ligatures: normal; font-variant-caps: normal; font-weight: 400; letter-spacing: normal; orphans: 2; text-align: left; text-indent: 0px; text-transform: none; widows: 2; word-spacing: 0px; -webkit-text-stroke-width: 0px; background-color: #ffffff; text-decoration-style: initial; text-decoration-color: initial;\">\n<div dir=\"auto\" style=\"font-family: inherit; text-align: start;\">Per consentire l\u2019esecuzione di lavori di scavo e posa delle tubazioni per lo scarico delle acque meteoriche, dell\u2019adduzione idrica e del collegamento alla rete della pubblica illuminazione a servizio delle aree da edere al Comune come opere di urbanizzazione primaria del piano di lottizzazione convenzionata 197\/1 in via Leonardo Sciascia sono stati adottati provvedimenti viabili.<\/div>\n<div dir=\"auto\"><\/div>\n<div dir=\"auto\" style=\"font-family: inherit; text-align: start;\">Da mercoled\u00ec 9 a mercoled\u00ec 16, sar\u00e0 vietata la sosta su entrambi i lati delle carreggiate stradali, per un tratto di 60 metri a valle ed a monte dell\u2019area interessata dagli interventi, ed istituito il limite massimo di velocit\u00e0 20 km\/h.<\/div>\n<\/div>\n<div class=\"o9v6fnle cxmmr5t8 oygrvhab hcukyx3x c1et5uql ii04i59q\" style=\"overflow-wrap: break-word; margin: 0.5em 0px 0px; white-space: pre-wrap; font-family: Segoe UI Historic, Segoe UI, Helvetica, Arial, sans-serif; color: #050505; font-size: 15px; font-style: normal; font-variant-ligatures: normal; font-variant-caps: normal; font-weight: 400; letter-spacing: normal; orphans: 2; text-align: left; text-indent: 0px; text-transform: none; widows: 2; word-spacing: 0px; -webkit-text-stroke-width: 0px; background-color: #ffffff; text-decoration-style: initial; text-decoration-color: initial;\">\n<div dir=\"auto\" style=\"font-family: inherit; text-align: start;\">Da mercoled\u00ec 9 a venerd\u00ec 11, sar\u00e0 interdetto il transito veicolare la parte di carreggiata stradale contrassegnata con \u201cC\u201d nella allegata planimetria, consentendolo in direzione di marcia mare-monte, su una parte della stessa carreggiata, lato est, della larghezza minima di 3 metri, provvedendo a deviarlo in direzione di marcia monte-mare, all\u2019interno dell\u2019adiacente area di parcheggio lato ovest.<\/div>\n<div dir=\"auto\" style=\"font-family: inherit; text-align: start;\">Da luned\u00ec 14 a marted\u00ec 15, il transito veicolare sar\u00e0 vietato nella parte di carreggiata stradale contrassegnata con \u201cB\u201d nella allegata planimetria, consentendolo in direzione di marcia mare-monte, su una parte della stessa carreggiata, lato est, della larghezza minima di 3 metri, provvedendo a deviarlo sempre in direzione di marcia monte-mare, all\u2019interno dell\u2019adiacente area di parcheggio lato ovest.<\/div>\n<div dir=\"auto\"><\/div>\n<div dir=\"auto\" style=\"font-family: inherit; text-align: start;\">Mercoled\u00ec 16, viger\u00e0 il divieto di transito veicolare nell\u2019accesso, lato monte, all\u2019esistente area di parcheggio, parte contrassegnata con \u201cA\u201d nella allegata planimetria, consentendo in sicurezza l\u2019ingresso e l\u2019uscita all\u2019area di parcheggio, dall\u2019accesso lato mare, ed il regolare transito veicolare (in direzione di marcia mare-monte e monte-mare) nelle due rispettive carreggiate di via Leonardo Sciascia.<\/div>\n<\/div>\n<div id=\"div-gpt-ad-Messinaoggi.it-DSK-300x250-corpoart\" style=\"text-align:center;margin:0 auto;\"><\/div><\/p><div id=\"videoincontent\" style=\"clear:both\";><\/div>","protected":false},"excerpt":{"rendered":"<p>Per consentire l\u2019esecuzione di lavori di scavo e posa delle tubazioni per lo scarico delle acque meteoriche, dell\u2019adduzione idrica e del collegamento alla rete della pubblica illuminazione a servizio delle aree da edere al Comune come opere di urbanizzazione primaria del piano di lottizzazione convenzionata 197\/1 in via Leonardo Sciascia sono stati adottati provvedimenti viabili. [&hellip;]<\/p>\n","protected":false},"author":4,"featured_media":42883,"comment_status":"closed","ping_status":"closed","sticky":false,"template":"","format":"standard","meta":{"ub_ctt_via":"","_mi_skip_tracking":false},"categories":[5],"tags":[],"featured_image_src":"https:\/\/www.messinaoggi.it\/website\/wp-content\/uploads\/2020\/04\/viabilita1.jpg","author_info":{"display_name":"redme","author_link":"https:\/\/www.messinaoggi.it\/website\/author\/redme\/"},"digistream_id":0,"digistream":false,"_links":{"self":[{"href":"https:\/\/www.messinaoggi.it\/website\/wp-json\/wp\/v2\/posts\/49937"}],"collection":[{"href":"https:\/\/www.messinaoggi.it\/website\/wp-json\/wp\/v2\/posts"}],"about":[{"href":"https:\/\/www.messinaoggi.it\/website\/wp-json\/wp\/v2\/types\/post"}],"author":[{"embeddable":true,"href":"https:\/\/www.messinaoggi.it\/website\/wp-json\/wp\/v2\/users\/4"}],"replies":[{"embeddable":true,"href":"https:\/\/www.messinaoggi.it\/website\/wp-json\/wp\/v2\/comments?post=49937"}],"version-history":[{"count":0,"href":"https:\/\/www.messinaoggi.it\/website\/wp-json\/wp\/v2\/posts\/49937\/revisions"}],"wp:featuredmedia":[{"embeddable":true,"href":"https:\/\/www.messinaoggi.it\/website\/wp-json\/wp\/v2\/media\/42883"}],"wp:attachment":[{"href":"https:\/\/www.messinaoggi.it\/website\/wp-json\/wp\/v2\/media?parent=49937"}],"wp:term":[{"taxonomy":"category","embeddable":true,"href":"https:\/\/www.messinaoggi.it\/website\/wp-json\/wp\/v2\/categories?post=49937"},{"taxonomy":"post_tag","embeddable":true,"href":"https:\/\/www.messinaoggi.it\/website\/wp-json\/wp\/v2\/tags?post=49937"}],"curies":[{"name":"wp","href":"https:\/\/api.w.org\/{rel}","templated":true}]}}