{"id":49924,"date":"2020-12-07T19:39:19","date_gmt":"2020-12-07T18:39:19","guid":{"rendered":"https:\/\/www.messinaoggi.it\/website\/?p=49924"},"modified":"2020-12-07T19:39:19","modified_gmt":"2020-12-07T18:39:19","slug":"palazzo-dei-leoni-via-libera-alla-stabilizzazione-di-precari-storici","status":"publish","type":"post","link":"https:\/\/www.messinaoggi.it\/website\/2020\/12\/07\/palazzo-dei-leoni-via-libera-alla-stabilizzazione-di-precari-storici\/","title":{"rendered":"Palazzo dei Leoni, via libera alla stabilizzazione di precari storici"},"content":{"rendered":"<div><span style=\"font-size: 14pt;\">Si conclude la lunghissima attesa dei precari della Citt\u00e0 Metropolitana di Messina durata circa trent&#8217;anni.<\/span><\/div>\n<div><span style=\"font-size: 14pt;\">Ad annunciarlo \u00e8 stato il sindaco metropolitano,\u00a0 Cateno De Luca, nel corso della riunione tenutasi nel Salone degli Specchi di Palazzo dei Leoni alla quale hanno partecipato l&#8217;assessore alle Autonomie locali e alla Funzione pubblica della Regione Siciliana, Bernardette Grasso e la segretaria generale di Palazzo dei Leoni, Maria Angela Caponetti.<\/span><\/div>\n<div><span style=\"font-size: 14pt;\">La firma del contratto avverr\u00e0, in un unico giorno, marted\u00ec 22 dicembre 2020, ed avr\u00e0 la sua decorrenza il 31 dicembre 2020.<\/span><\/div>\n<div><span style=\"font-size: 14pt;\">Il risultato \u00e8 stato ottenuto, dopo anni di tensioni e di timori legati alla situazione precaria dell&#8217;ex Provincia di Messina, grazie ad una politica di tagli agli sprechi e di risanamento dei conti dell&#8217;Ente che, a giorni, proceder\u00e0 all&#8217;approvazione del bilancio 2021\/2023; inoltre il sindaco De Luca ha annunciato che, nel 2021, si avvier\u00e0 al ripianamento finale della situazione debitoria con la copertura dell&#8217;ultima tranche di quattro milioni e mezzo di euro.<\/span><\/div>\n<div id=\"div-gpt-ad-Messinaoggi.it-DSK-300x250-corpoart\" style=\"text-align:center;margin:0 auto;\"><\/div><\/p><div id=\"videoincontent\" style=\"clear:both\";><\/div>","protected":false},"excerpt":{"rendered":"<p>Si conclude la lunghissima attesa dei precari della Citt\u00e0 Metropolitana di Messina durata circa trent&#8217;anni. Ad annunciarlo \u00e8 stato il sindaco metropolitano,\u00a0 Cateno De Luca, nel corso della riunione tenutasi nel Salone degli Specchi di Palazzo dei Leoni alla quale hanno partecipato l&#8217;assessore alle Autonomie locali e alla Funzione pubblica della Regione Siciliana, Bernardette Grasso [&hellip;]<\/p>\n","protected":false},"author":4,"featured_media":2246,"comment_status":"closed","ping_status":"closed","sticky":false,"template":"","format":"standard","meta":{"ub_ctt_via":"","_mi_skip_tracking":false},"categories":[5],"tags":[],"featured_image_src":"https:\/\/www.messinaoggi.it\/website\/wp-content\/uploads\/2017\/06\/Palazzo-dei-Leoni-sede-provincia-2.jpg","author_info":{"display_name":"redme","author_link":"https:\/\/www.messinaoggi.it\/website\/author\/redme\/"},"digistream_id":0,"digistream":false,"_links":{"self":[{"href":"https:\/\/www.messinaoggi.it\/website\/wp-json\/wp\/v2\/posts\/49924"}],"collection":[{"href":"https:\/\/www.messinaoggi.it\/website\/wp-json\/wp\/v2\/posts"}],"about":[{"href":"https:\/\/www.messinaoggi.it\/website\/wp-json\/wp\/v2\/types\/post"}],"author":[{"embeddable":true,"href":"https:\/\/www.messinaoggi.it\/website\/wp-json\/wp\/v2\/users\/4"}],"replies":[{"embeddable":true,"href":"https:\/\/www.messinaoggi.it\/website\/wp-json\/wp\/v2\/comments?post=49924"}],"version-history":[{"count":0,"href":"https:\/\/www.messinaoggi.it\/website\/wp-json\/wp\/v2\/posts\/49924\/revisions"}],"wp:featuredmedia":[{"embeddable":true,"href":"https:\/\/www.messinaoggi.it\/website\/wp-json\/wp\/v2\/media\/2246"}],"wp:attachment":[{"href":"https:\/\/www.messinaoggi.it\/website\/wp-json\/wp\/v2\/media?parent=49924"}],"wp:term":[{"taxonomy":"category","embeddable":true,"href":"https:\/\/www.messinaoggi.it\/website\/wp-json\/wp\/v2\/categories?post=49924"},{"taxonomy":"post_tag","embeddable":true,"href":"https:\/\/www.messinaoggi.it\/website\/wp-json\/wp\/v2\/tags?post=49924"}],"curies":[{"name":"wp","href":"https:\/\/api.w.org\/{rel}","templated":true}]}}