{"id":49858,"date":"2020-12-06T15:15:06","date_gmt":"2020-12-06T14:15:06","guid":{"rendered":"https:\/\/www.messinaoggi.it\/website\/?p=49858"},"modified":"2020-12-06T15:15:06","modified_gmt":"2020-12-06T14:15:06","slug":"via-cesare-battisti-da-lunedi-limitazioni-per-lavori-sui-marciapiedi","status":"publish","type":"post","link":"https:\/\/www.messinaoggi.it\/website\/2020\/12\/06\/via-cesare-battisti-da-lunedi-limitazioni-per-lavori-sui-marciapiedi\/","title":{"rendered":"Via Cesare Battisti, da luned\u00ec limitazioni per lavori sui marciapiedi"},"content":{"rendered":"<p>Da luned\u00ec a venerd\u00ec 18 saranno eseguiti interventi di sostituzione delle alberature, eliminazione di ceppaie, messa a dimora di impianti arborei e ripristino di marciapiedi in via Cesare Battisti.<br \/>\nNella fascia oraria 6 \u2013 17.30, viger\u00e0 il divieto di sosta sul lato valle di via Cesare Battisti, tra le vie XXVII Luglio e Tommaso Cannizzaro.<br \/>\nLa limitazione viaria sar\u00e0 in vigore per singoli tratti di intervento giornaliero, provvedendo ad interdire il transito pedonale nei corrispondenti tratti di marciapiede (indirizzando, con idonea segnaletica stradale, i pedoni nei tratti di marciapiede sul lato opposto, garantendo, in sicurezza, l\u2019accesso a tutti gli ingressi ivi presenti, per mezzo di protezioni superiori e laterali), per il posizionamento dei mezzi d\u2019opera.<br \/>\nLa parte di carreggiata stradale occupata dai mezzi impegnati dovr\u00e0 essere opportunamente delimitata e la circolazione stradale garantita e regolamentata nella restante parte, a cura e spese della ditta esecutrice, provvedendo ad istituire il senso unico alternato di circolazione (regolamentato con movieri o con impianti semaforici provvisori e con la collocazione di idonea segnaletica stradale) in quelle strade a doppio senso di circolazione in cui a causa dei lavori non \u00e8 possibile mantenere il contemporaneo doppio senso di circolazione.<br \/>\nGli interventi dovranno essere effettuati con esclusione delle fasce orarie 7.15-8.45 e 13 -14.15.<div id=\"div-gpt-ad-Messinaoggi.it-DSK-300x250-corpoart\" style=\"text-align:center;margin:0 auto;\"><\/div><\/p>\n<div id=\"videoincontent\" style=\"clear:both\";><\/div>","protected":false},"excerpt":{"rendered":"<p>Da luned\u00ec a venerd\u00ec 18 saranno eseguiti interventi di sostituzione delle alberature, eliminazione di ceppaie, messa a dimora di impianti arborei e ripristino di marciapiedi in via Cesare Battisti. Nella fascia oraria 6 \u2013 17.30, viger\u00e0 il divieto di sosta sul lato valle di via Cesare Battisti, tra le vie XXVII Luglio e Tommaso Cannizzaro. [&hellip;]<\/p>\n","protected":false},"author":4,"featured_media":6856,"comment_status":"closed","ping_status":"closed","sticky":false,"template":"","format":"standard","meta":{"ub_ctt_via":"","_mi_skip_tracking":false},"categories":[5],"tags":[],"featured_image_src":"https:\/\/www.messinaoggi.it\/website\/wp-content\/uploads\/2017\/08\/palazzo-dei-leoni-angolo-piazza-antonello-messinaoggi-2.jpg","author_info":{"display_name":"redme","author_link":"https:\/\/www.messinaoggi.it\/website\/author\/redme\/"},"digistream_id":0,"digistream":false,"_links":{"self":[{"href":"https:\/\/www.messinaoggi.it\/website\/wp-json\/wp\/v2\/posts\/49858"}],"collection":[{"href":"https:\/\/www.messinaoggi.it\/website\/wp-json\/wp\/v2\/posts"}],"about":[{"href":"https:\/\/www.messinaoggi.it\/website\/wp-json\/wp\/v2\/types\/post"}],"author":[{"embeddable":true,"href":"https:\/\/www.messinaoggi.it\/website\/wp-json\/wp\/v2\/users\/4"}],"replies":[{"embeddable":true,"href":"https:\/\/www.messinaoggi.it\/website\/wp-json\/wp\/v2\/comments?post=49858"}],"version-history":[{"count":0,"href":"https:\/\/www.messinaoggi.it\/website\/wp-json\/wp\/v2\/posts\/49858\/revisions"}],"wp:featuredmedia":[{"embeddable":true,"href":"https:\/\/www.messinaoggi.it\/website\/wp-json\/wp\/v2\/media\/6856"}],"wp:attachment":[{"href":"https:\/\/www.messinaoggi.it\/website\/wp-json\/wp\/v2\/media?parent=49858"}],"wp:term":[{"taxonomy":"category","embeddable":true,"href":"https:\/\/www.messinaoggi.it\/website\/wp-json\/wp\/v2\/categories?post=49858"},{"taxonomy":"post_tag","embeddable":true,"href":"https:\/\/www.messinaoggi.it\/website\/wp-json\/wp\/v2\/tags?post=49858"}],"curies":[{"name":"wp","href":"https:\/\/api.w.org\/{rel}","templated":true}]}}