{"id":49848,"date":"2020-12-05T17:00:55","date_gmt":"2020-12-05T16:00:55","guid":{"rendered":"https:\/\/www.messinaoggi.it\/website\/?p=49848"},"modified":"2020-12-05T17:00:55","modified_gmt":"2020-12-05T16:00:55","slug":"baraccopoli-lappello-di-falcone-al-ministro-provenzano","status":"publish","type":"post","link":"https:\/\/www.messinaoggi.it\/website\/2020\/12\/05\/baraccopoli-lappello-di-falcone-al-ministro-provenzano\/","title":{"rendered":"Baraccopoli, l&#039;appello di Falcone al ministro Provenzano"},"content":{"rendered":"<p>&#8220;Con rammarico, abbiamo appreso della non ammissibilit\u00e0 degli emendamenti alla Manovra &#8211; sia di maggioranza, che di opposizione &#8211; che ponevano le basi per cancellare la ferita delle baraccopoli di Messina attraverso l\u2019atteso commissariamento&#8221;: lo afferma l\u2019assessore regionale alle Infrastrutture Marco Falcone, a seguito della dichiarazione di non ammissibilit\u00e0 degli emendamenti sulle baraccopoli di Messina per la Manovra di bilancio.<br \/>\n&#8220;In questo momento cos\u00ec decisivo &#8211; si legge in una nota &#8211; vogliamo ribadire il nostro punto fermo: su Messina occorre superare le logiche partitiche e fare il massimo per un obiettivo condiviso da tutti, cio\u00e8 archiviare una vergogna lunga pi\u00f9 di un secolo. La Regione Siciliana, qualora il Governo Conte si decidesse, \u00e8 pronta a sottoscrivere un&#8217;intesa per un intervento finanziato da Roma su cui, comunque, saremmo pronti a fare la nostra parte.<br \/>\nAl ministro Provenzano &#8211; conclude Falcone &#8211; chiediamo di non perdere quest&#8217;occasione e di intervenire con una proposta gi\u00e0 durante l&#8217;esame della manovra finanziaria\u201d.<div id=\"div-gpt-ad-Messinaoggi.it-DSK-300x250-corpoart\" style=\"text-align:center;margin:0 auto;\"><\/div><\/p>\n<div id=\"videoincontent\" style=\"clear:both\";><\/div>","protected":false},"excerpt":{"rendered":"<p>&#8220;Con rammarico, abbiamo appreso della non ammissibilit\u00e0 degli emendamenti alla Manovra &#8211; sia di maggioranza, che di opposizione &#8211; che ponevano le basi per cancellare la ferita delle baraccopoli di Messina attraverso l\u2019atteso commissariamento&#8221;: lo afferma l\u2019assessore regionale alle Infrastrutture Marco Falcone, a seguito della dichiarazione di non ammissibilit\u00e0 degli emendamenti sulle baraccopoli di Messina [&hellip;]<\/p>\n","protected":false},"author":4,"featured_media":45035,"comment_status":"closed","ping_status":"closed","sticky":false,"template":"","format":"standard","meta":{"ub_ctt_via":"","_mi_skip_tracking":false},"categories":[5],"tags":[],"featured_image_src":"https:\/\/www.messinaoggi.it\/website\/wp-content\/uploads\/2020\/06\/Lassessore-Marco-Falcone.jpeg.jpg","author_info":{"display_name":"redme","author_link":"https:\/\/www.messinaoggi.it\/website\/author\/redme\/"},"digistream_id":0,"digistream":false,"_links":{"self":[{"href":"https:\/\/www.messinaoggi.it\/website\/wp-json\/wp\/v2\/posts\/49848"}],"collection":[{"href":"https:\/\/www.messinaoggi.it\/website\/wp-json\/wp\/v2\/posts"}],"about":[{"href":"https:\/\/www.messinaoggi.it\/website\/wp-json\/wp\/v2\/types\/post"}],"author":[{"embeddable":true,"href":"https:\/\/www.messinaoggi.it\/website\/wp-json\/wp\/v2\/users\/4"}],"replies":[{"embeddable":true,"href":"https:\/\/www.messinaoggi.it\/website\/wp-json\/wp\/v2\/comments?post=49848"}],"version-history":[{"count":0,"href":"https:\/\/www.messinaoggi.it\/website\/wp-json\/wp\/v2\/posts\/49848\/revisions"}],"wp:featuredmedia":[{"embeddable":true,"href":"https:\/\/www.messinaoggi.it\/website\/wp-json\/wp\/v2\/media\/45035"}],"wp:attachment":[{"href":"https:\/\/www.messinaoggi.it\/website\/wp-json\/wp\/v2\/media?parent=49848"}],"wp:term":[{"taxonomy":"category","embeddable":true,"href":"https:\/\/www.messinaoggi.it\/website\/wp-json\/wp\/v2\/categories?post=49848"},{"taxonomy":"post_tag","embeddable":true,"href":"https:\/\/www.messinaoggi.it\/website\/wp-json\/wp\/v2\/tags?post=49848"}],"curies":[{"name":"wp","href":"https:\/\/api.w.org\/{rel}","templated":true}]}}