{"id":49784,"date":"2020-12-04T17:30:45","date_gmt":"2020-12-04T16:30:45","guid":{"rendered":"https:\/\/www.messinaoggi.it\/website\/?p=49784"},"modified":"2020-12-04T17:30:45","modified_gmt":"2020-12-04T16:30:45","slug":"calcio-serie-d-acr-messina-domenico-aliperta-suona-la-carica-in-vista-del-match-di-domenica","status":"publish","type":"post","link":"https:\/\/www.messinaoggi.it\/website\/2020\/12\/04\/calcio-serie-d-acr-messina-domenico-aliperta-suona-la-carica-in-vista-del-match-di-domenica\/","title":{"rendered":"CALCIO SERIE D &#8211; ACR Messina, Domenico Aliperta suona la carica in vista del match di domenica"},"content":{"rendered":"<h6><strong><em>Il centrocampista napoletano fa il punto sulla situazione personale e sulla squadra in vista della ripresa del torneo<\/em><\/strong><\/h6>\n<p style=\"text-align: justify\">Riprende finalmente il campionato di Serie D, dopo il lungo stop dovuto all&#8217;emergenza Covid che ha bloccato il torneo per oltre un mese. La LND ha varato il nuovo protocollo che prevede il rinvio delle gare soltanto per &#8220;giusta causa&#8221;, onde evitare che le varie societ\u00e0 sportive possano approfittarne ed evitare di giocare per altre motivazioni che esulano dall&#8217;emergenza dettata dal coronavirus.<div id=\"div-gpt-ad-Messinaoggi.it-DSK-300x250-corpoart\" style=\"text-align:center;margin:0 auto;\"><\/div><\/p>\n<p style=\"text-align: justify\">Domenico Aliperta, domenica finalmente la ripresa del campionato dopo un mese di stop. &#8220;<em>Finalmente si. Non vediamo l&#8217;ora di iniziare perch\u00e9 comunque stiamo soffrendo questa situazione, come tanti in Italia, per\u00f2 a noi il campo manca da morire e siamo pronti a ricominciare un percorso che \u00e8 partito tempo fa ed anche perch\u00e9 non abbiamo avuto la possibilit\u00e0 di riscattare l&#8217;ultima sconfitta che ci \u00e8 bruciata tanto.&#8221;<\/em><div id=\"videoincontent\" style=\"clear:both\";><\/div><\/p>\n<p style=\"text-align: justify\">Molte squadre si sono fermate nel periodo dello stop, mentre l&#8217;ACR Messina si \u00e8 preparata con allenamenti pesanti e con una certa intensit\u00e0. &#8220;<em>Abbiamo il dovere di allenarci tutti i giorni con la stessa intensit\u00e0, perch\u00e9 abbiamo un obiettivo importante da raggiungere e quindi non possiamo farci fermare da niente, Covid permettendo. Siamo stati qui sempre a lavorare con sacrificio tutti quanti, nessuno escluso, per poter dare il meglio sin da domenica prossima&#8221;.<\/em><\/p>\n<p style=\"text-align: justify\">Protocollo nuovo finalmente. Anche perch\u00e9 non si poteva proseguire con tutti questi recuperi visto che adesso per poter rinviare una partita dovr\u00e0 esserci una giusta causa e molti, diciamo, ne hanno anche approfittato. &#8220;<em>Assolutamente si. Ci volevano linee guida per permettere la veridicit\u00e0 quanto pi\u00f9 alta possibile di questo campionato. Diversamente si sarebbe arrivati alla partita senza sapere la reale possibilit\u00e0 di giocare la gara, anche per qualche sotterfugio legato ad indisponibilit\u00e0 importanti per una squadra; quindi penso che la cosa pi\u00f9 corretta sia stata fatta e va solo attuata&#8221;.<\/em><\/p>\n<p style=\"text-align: justify\">Essere la squadra pi\u00f9 temuta in questo campionato, quanto pesa dal punto di vista mentale ? &#8220;<em>Noi non abbiamo alcuna pressione sotto questo punto di vista; sappiamo di essere una squadra forte, un gruppo importante e dobbiamo soltanto mettere in pratica tutto ci\u00f2 che sappiamo fare e che stiamo provando in continuo in queste settimane di allenamenti. Adesso bisogna raccogliere quello che abbiamo seminato&#8221;.<\/em><\/p>\n<p style=\"text-align: justify\">Dal punto di vista personale, speriamo ci sia una tua certa continuit\u00e0 visto che tra espulsioni ed indisponibilit\u00e0 hai giocato davvero poco. &#8220;<em>In effetti speriamo che finalmente inizi il mio campionato, perch\u00e9 ad oggi, in effetti, ho giocato soltanto 70 minuti. Spero di poter trovare questa continuit\u00e0 gi\u00e0 da domenica prossima, senza fermarmi pi\u00f9. Con la voglia che ho giocherei anche la mattina di Natale ed il 31 sera; non \u00e8 la voglia quella che manca, per nessuno di noi&#8221;.<\/em><\/p>\n<p style=\"text-align: justify\">\u00a0Ripartire da zero o ripartire dalla sconfitta col FC Messina ? &#8220;<em>Noi ripartiamo dal cammino che abbiamo fatto, con la consapevolezza di ci\u00f2 che abbiamo fatto fin qui. Dobbiamo guardare solo avanti. Indietro \u00e8 giusto guardare per valutare ci\u00f2 che di buono e di cattivo abbiamo realizzato. Sappiamo che tutto quello che ci aspetta sar\u00e0 difficile, a partire da domenica prossima quando incontreremo una formazione con giocatori molto forti&#8221;.<\/em><\/p>\n<p style=\"text-align: justify\">Molti hanno dichiarato che la Gelbison verr\u00e0 a Messina per vincere. Voi cosa rispondete ? &#8220;<em>Io credo che tutte le squadre vengano a Messina per vincere; ma anche noi scendiamo in campo ogni domenica per vincere. E&#8217; una dichiarazione abbastanza scontata, ma stiamo preparando bene questa partita e scenderemo sul terreno di gioco per ottenere il massimo&#8221;.<\/em><\/p>\n<p style=\"text-align: justify\">Analizzando la prima parte del campionato, avete capito il perch\u00e9 si siano persi molti punti, anche ingiustamente, in alcune gare ? &#8220;<em>Per quello che abbiamo dimostrato in campo c&#8217;\u00e8 un piccolo rammarico, sia per quello che abbiamo creato sia per le squadre incontrate, ma abbiamo la consapevolezza di essere una squadra forte. Sicuramente ci manca qualche punto per ci\u00f2 che abbiamo creato sul terreno di gioco ed anche l&#8217;ultima sconfitta \u00e8 stata immeritata. Sappiamo che adesso non possiamo pi\u00f9 pensare n\u00e8 all&#8217;arbitro, n\u00e8 al palo o al campo, ma conter\u00e0 soltanto vincere&#8221;.<\/em><\/p>\n<p style=\"text-align: justify\">\n","protected":false},"excerpt":{"rendered":"<p>Il centrocampista napoletano fa il punto sulla situazione personale e sulla squadra in vista della ripresa del torneo Riprende finalmente il campionato di Serie D, dopo il lungo stop dovuto all&#8217;emergenza Covid che ha bloccato il torneo per oltre un mese. La LND ha varato il nuovo protocollo che prevede il rinvio delle gare soltanto [&hellip;]<\/p>\n","protected":false},"author":17,"featured_media":49785,"comment_status":"closed","ping_status":"closed","sticky":false,"template":"","format":"standard","meta":{"ub_ctt_via":"","_mi_skip_tracking":false},"categories":[10,9],"tags":[24,447],"featured_image_src":"https:\/\/www.messinaoggi.it\/website\/wp-content\/uploads\/2020\/12\/domenico-Aliperta-acr-messina.jpg","author_info":{"display_name":"Giuseppe Luppino","author_link":"https:\/\/www.messinaoggi.it\/website\/author\/g-luppino\/"},"digistream_id":0,"digistream":false,"_links":{"self":[{"href":"https:\/\/www.messinaoggi.it\/website\/wp-json\/wp\/v2\/posts\/49784"}],"collection":[{"href":"https:\/\/www.messinaoggi.it\/website\/wp-json\/wp\/v2\/posts"}],"about":[{"href":"https:\/\/www.messinaoggi.it\/website\/wp-json\/wp\/v2\/types\/post"}],"author":[{"embeddable":true,"href":"https:\/\/www.messinaoggi.it\/website\/wp-json\/wp\/v2\/users\/17"}],"replies":[{"embeddable":true,"href":"https:\/\/www.messinaoggi.it\/website\/wp-json\/wp\/v2\/comments?post=49784"}],"version-history":[{"count":0,"href":"https:\/\/www.messinaoggi.it\/website\/wp-json\/wp\/v2\/posts\/49784\/revisions"}],"wp:featuredmedia":[{"embeddable":true,"href":"https:\/\/www.messinaoggi.it\/website\/wp-json\/wp\/v2\/media\/49785"}],"wp:attachment":[{"href":"https:\/\/www.messinaoggi.it\/website\/wp-json\/wp\/v2\/media?parent=49784"}],"wp:term":[{"taxonomy":"category","embeddable":true,"href":"https:\/\/www.messinaoggi.it\/website\/wp-json\/wp\/v2\/categories?post=49784"},{"taxonomy":"post_tag","embeddable":true,"href":"https:\/\/www.messinaoggi.it\/website\/wp-json\/wp\/v2\/tags?post=49784"}],"curies":[{"name":"wp","href":"https:\/\/api.w.org\/{rel}","templated":true}]}}