{"id":49774,"date":"2020-12-04T10:14:30","date_gmt":"2020-12-04T09:14:30","guid":{"rendered":"https:\/\/www.messinaoggi.it\/website\/?p=49774"},"modified":"2020-12-04T10:14:30","modified_gmt":"2020-12-04T09:14:30","slug":"locali-comunali-gioveni-si-concedano-in-locazione-agevolata-agli-esercenti-in-crisi","status":"publish","type":"post","link":"https:\/\/www.messinaoggi.it\/website\/2020\/12\/04\/locali-comunali-gioveni-si-concedano-in-locazione-agevolata-agli-esercenti-in-crisi\/","title":{"rendered":"Locali comunali, Gioveni: \u201cSi concedano in locazione agevolata agli esercenti in crisi\u201d"},"content":{"rendered":"<p style=\"text-align: justify\">Affittare a tariffe agevolate i locali comunali, attraverso degli appositi bandi, agli esercenti in crisi per via dell&#8217;emergenza Covid. \u00c8 questa la proposta avanzata dal capogruppo in Consiglio comunale di Fratelli d&#8217;Italia, Libero Gioveni, all&#8217;Amministrazione comunale.<div id=\"div-gpt-ad-Messinaoggi.it-DSK-300x250-corpoart\" style=\"text-align:center;margin:0 auto;\"><\/div><\/p>\n<p style=\"text-align: justify\">\u201cSono davvero rarissimi o pressoch\u00e9 assenti i bandi che il comune di Messina, o da ora in avanti la Patrimonio Spa, vara per concedere in locazione immobili ad uso non abitativo. &#8211; dichiara Gioveni &#8211; Pertanto, specie in questo periodo di forte crisi economica legata al Covid per i commercianti, che pagano onerosissimi affitti ai privati, sarebbe ora di realizzare tali bandi, sia nel proprio interesse economico, sia per soddisfare le esigenze del territorio. In un periodo storico di forte crisi economica diventa moralmente obbligatorio tendere un ulteriore mano ai commercianti in aggiunta agli aiuti gi\u00e0 previsti, visto che gli affitti raggiungono spesso cifre esorbitanti&#8221;.<div id=\"videoincontent\" style=\"clear:both\";><\/div><\/p>\n<p style=\"text-align: justify\">&#8220;Appare superfluo &#8211; prosegue Gioveni &#8211; rimarcare l&#8217;importanza che possa rivestire per diverse categorie di cittadini ed esercenti prendere in locazione a &#8216;canone sociale&#8217; o comunque economicamente pi\u00f9 accessibile degli immobili ad uso non abitativo, anche per altre finalit\u00e0 diverse da quelle commerciali: sociali, ludiche, sportive, ecc. Risultano numerose, infatti oltre che le necessit\u00e0 rappresentate legittimamente da tanti commercianti in difficolt\u00e0, anche le istanze di associazioni sul territorio o di semplici ditte individuali che sarebbero certamente interessate a partecipare a bandi pubblici per la locazione di tali immobili, che appunto potrebbero rappresentare una buona opportunit\u00e0 anche per fare cassa&#8221;.<\/p>\n<p style=\"text-align: justify\">&#8220;In questo senso, per esempio \u2013 chiosa il consigliere \u2013 l\u2019IACP negli anni si \u00e8 dimostrato pi\u00f9 sensibile rispetto a Palazzo Zanca su questa scelta politica, visto che periodicamente l\u2019Ente di via E.L. Pellegrino mette a disposizione le proprie botteghe. Sarebbe pertanto auspicabile iniziare a far lavorare la Patrimonio Spa anche in questa direzione, al fine di soddisfare le diverse e diffuse esigenze presenti a vario titolo sul territorio comunale e, nel contempo, a far incassare qualche soldino in pi\u00f9 anche alla luce delle pesanti morosit\u00e0 degli anni precedenti presenti negli alloggi Erp, al netto naturalmente delle esenzioni dei canoni previste per tutto l\u2019anno 2020&#8221;.<\/p>\n","protected":false},"excerpt":{"rendered":"<p>Affittare a tariffe agevolate i locali comunali, attraverso degli appositi bandi, agli esercenti in crisi per via dell&#8217;emergenza Covid. \u00c8 questa la proposta avanzata dal capogruppo in Consiglio comunale di Fratelli d&#8217;Italia, Libero Gioveni, all&#8217;Amministrazione comunale. \u201cSono davvero rarissimi o pressoch\u00e9 assenti i bandi che il comune di Messina, o da ora in avanti la [&hellip;]<\/p>\n","protected":false},"author":8,"featured_media":43341,"comment_status":"closed","ping_status":"closed","sticky":false,"template":"","format":"standard","meta":{"ub_ctt_via":"","_mi_skip_tracking":false},"categories":[4],"tags":[],"featured_image_src":"https:\/\/www.messinaoggi.it\/website\/wp-content\/uploads\/2020\/05\/libero-gioveni-in-aula-messinaoggi.jpg","author_info":{"display_name":"red..me","author_link":"https:\/\/www.messinaoggi.it\/website\/author\/redstage\/"},"digistream_id":0,"digistream":false,"_links":{"self":[{"href":"https:\/\/www.messinaoggi.it\/website\/wp-json\/wp\/v2\/posts\/49774"}],"collection":[{"href":"https:\/\/www.messinaoggi.it\/website\/wp-json\/wp\/v2\/posts"}],"about":[{"href":"https:\/\/www.messinaoggi.it\/website\/wp-json\/wp\/v2\/types\/post"}],"author":[{"embeddable":true,"href":"https:\/\/www.messinaoggi.it\/website\/wp-json\/wp\/v2\/users\/8"}],"replies":[{"embeddable":true,"href":"https:\/\/www.messinaoggi.it\/website\/wp-json\/wp\/v2\/comments?post=49774"}],"version-history":[{"count":0,"href":"https:\/\/www.messinaoggi.it\/website\/wp-json\/wp\/v2\/posts\/49774\/revisions"}],"wp:featuredmedia":[{"embeddable":true,"href":"https:\/\/www.messinaoggi.it\/website\/wp-json\/wp\/v2\/media\/43341"}],"wp:attachment":[{"href":"https:\/\/www.messinaoggi.it\/website\/wp-json\/wp\/v2\/media?parent=49774"}],"wp:term":[{"taxonomy":"category","embeddable":true,"href":"https:\/\/www.messinaoggi.it\/website\/wp-json\/wp\/v2\/categories?post=49774"},{"taxonomy":"post_tag","embeddable":true,"href":"https:\/\/www.messinaoggi.it\/website\/wp-json\/wp\/v2\/tags?post=49774"}],"curies":[{"name":"wp","href":"https:\/\/api.w.org\/{rel}","templated":true}]}}