{"id":49756,"date":"2020-12-03T18:23:46","date_gmt":"2020-12-03T17:23:46","guid":{"rendered":"https:\/\/www.messinaoggi.it\/website\/?p=49756"},"modified":"2020-12-03T18:23:46","modified_gmt":"2020-12-03T17:23:46","slug":"galluzzo-con-il-ponte-la-sicilia-tornera-protagonista","status":"publish","type":"post","link":"https:\/\/www.messinaoggi.it\/website\/2020\/12\/03\/galluzzo-con-il-ponte-la-sicilia-tornera-protagonista\/","title":{"rendered":"Galluzzo: &quot;Con il Ponte la Sicilia torner\u00e0 protagonista&quot;"},"content":{"rendered":"<p>Esprime grande soddisfazione il deputato all&#8217;Ars Pino Galluzzo per la presa di posizione del governatore regionale Nello Musumeci sulla tematica del Ponte sullo Stretto. Musumeci, infatti, ha ribadito alla ministra alle Infrastutture Paola De Micheli che il Ponte \u00e8 una struttura strategica per la Sicilia.<br \/>\n&#8220;Il Ponte &#8211; ha dichiarato Galluzzo, che \u00e8 anche presidente dell&#8217;intergruppo Continuit\u00e0 territoriale e sviluppo per infrastrutture e Ponte sullo Stretto &#8211; \u00e8 infrastruttura strategica per il futuro della Sicilia e dell\u2019area del Mediterraneo e ben ha fatto il presidente Musumeci a ribadirlo alla ministra Paola De Micheli. Solo con il Ponte la nostra isola torner\u00e0 protagonista\u201d.<br \/>\n&#8220;Le rassicurazioni della ministra sull\u2019attenzione alla problematica non bastano. Bisogna raggiungere quanto prima l&#8217;obiettivo definitivo, che per essere raggiunto impone al governo centrale la realizzazione, in Sicilia, di infrastrutture strategiche portuali, aeroportuali, ferroviarie e viarie&#8221;.<div id=\"div-gpt-ad-Messinaoggi.it-DSK-300x250-corpoart\" style=\"text-align:center;margin:0 auto;\"><\/div><\/p>\n<div id=\"videoincontent\" style=\"clear:both\";><\/div>","protected":false},"excerpt":{"rendered":"<p>Esprime grande soddisfazione il deputato all&#8217;Ars Pino Galluzzo per la presa di posizione del governatore regionale Nello Musumeci sulla tematica del Ponte sullo Stretto. Musumeci, infatti, ha ribadito alla ministra alle Infrastutture Paola De Micheli che il Ponte \u00e8 una struttura strategica per la Sicilia. &#8220;Il Ponte &#8211; ha dichiarato Galluzzo, che \u00e8 anche presidente [&hellip;]<\/p>\n","protected":false},"author":8,"featured_media":49026,"comment_status":"closed","ping_status":"closed","sticky":false,"template":"","format":"standard","meta":{"ub_ctt_via":"","_mi_skip_tracking":false},"categories":[4],"tags":[],"featured_image_src":"https:\/\/www.messinaoggi.it\/website\/wp-content\/uploads\/2020\/11\/pino-galluzzo.jpeg","author_info":{"display_name":"red..me","author_link":"https:\/\/www.messinaoggi.it\/website\/author\/redstage\/"},"digistream_id":0,"digistream":false,"_links":{"self":[{"href":"https:\/\/www.messinaoggi.it\/website\/wp-json\/wp\/v2\/posts\/49756"}],"collection":[{"href":"https:\/\/www.messinaoggi.it\/website\/wp-json\/wp\/v2\/posts"}],"about":[{"href":"https:\/\/www.messinaoggi.it\/website\/wp-json\/wp\/v2\/types\/post"}],"author":[{"embeddable":true,"href":"https:\/\/www.messinaoggi.it\/website\/wp-json\/wp\/v2\/users\/8"}],"replies":[{"embeddable":true,"href":"https:\/\/www.messinaoggi.it\/website\/wp-json\/wp\/v2\/comments?post=49756"}],"version-history":[{"count":0,"href":"https:\/\/www.messinaoggi.it\/website\/wp-json\/wp\/v2\/posts\/49756\/revisions"}],"wp:featuredmedia":[{"embeddable":true,"href":"https:\/\/www.messinaoggi.it\/website\/wp-json\/wp\/v2\/media\/49026"}],"wp:attachment":[{"href":"https:\/\/www.messinaoggi.it\/website\/wp-json\/wp\/v2\/media?parent=49756"}],"wp:term":[{"taxonomy":"category","embeddable":true,"href":"https:\/\/www.messinaoggi.it\/website\/wp-json\/wp\/v2\/categories?post=49756"},{"taxonomy":"post_tag","embeddable":true,"href":"https:\/\/www.messinaoggi.it\/website\/wp-json\/wp\/v2\/tags?post=49756"}],"curies":[{"name":"wp","href":"https:\/\/api.w.org\/{rel}","templated":true}]}}