{"id":49737,"date":"2020-12-03T12:44:24","date_gmt":"2020-12-03T11:44:24","guid":{"rendered":"https:\/\/www.messinaoggi.it\/website\/?p=49737"},"modified":"2020-12-03T12:44:24","modified_gmt":"2020-12-03T11:44:24","slug":"giornata-persone-con-disabilita-vii-commissione-nessuno-puo-essere-lasciato-indietro","status":"publish","type":"post","link":"https:\/\/www.messinaoggi.it\/website\/2020\/12\/03\/giornata-persone-con-disabilita-vii-commissione-nessuno-puo-essere-lasciato-indietro\/","title":{"rendered":"Giornata persone con disabilit\u00e0, VII Commissione: &quot;Nessuno pu\u00f2 essere lasciato indietro&quot;"},"content":{"rendered":"<p class=\"MsoNormal\">La VII Commissione consiliare permanente, presieduta dal consigliere Placido Bramanti, si \u00e8 riunita oggi con l\u2019intento di promuovere una pi\u00f9 ampia sensibilizzazione sul tema della disabilit\u00e0. Oggi, infatti, cade la Giornata internazionale delle persone con disabilit\u00e0, istituita nel 1981 dall\u2019Onu, e per l\u2019occasione la VII Commissione ha deciso di riunirsi, assieme ad alcune realt\u00e0 cittadine che si occupano di disabilit\u00e0, per sostenere la piena inclusione delle persone con disabilit\u00e0 in ogni ambito sociale, riducendo ogni forma di discriminazione o violenza. Hanno preso parte ai lavori i rappresentanti delle Associazioni AISM (Associazione Italiana Sclerosi Multipla), Meter &amp; Miles e Cittadinanzattiva Onlus.<div id=\"div-gpt-ad-Messinaoggi.it-DSK-300x250-corpoart\" style=\"text-align:center;margin:0 auto;\"><\/div><\/p>\n<p class=\"MsoNormal\">\u201cDal luglio del 1993 \u2013 ha ricordato il presidente Bramanti \u2013 il 3 dicembre \u00e8 diventato Giornata Europea delle Persone con Disabilit\u00e0, come voluto dalla Commissione Europea. Anche l\u2019Agenda 2030 sottolinea l\u2019importanza di non lasciare nessuno indietro riservando particolare attenzione alle persone con disabilit\u00e0, rimuovendo gli ostacoli architettonici, culturali e sociali, potenziando il servizio sanitario nazionale e le strutture sociali per una reale fruizione dei servizi da parte di tutte le persone.<div id=\"videoincontent\" style=\"clear:both\";><\/div><\/p>\n<p class=\"MsoNormal\">\u201cQuest\u2019anno il tema che l\u2019ONU ha individuato per la celebrazione della Giornata internazionale delle persone con disabilit\u00e0 \u00e8 \u2018Ricostruire meglio: verso un mondo post COVID-19 inclusivo della disabilit\u00e0, accessibile e sostenibile\u2019. Certamente la situazione mondiale di pandemia ha colpito pi\u00f9 duramente le persone socialmente pi\u00f9 deboli, e fra queste anche e soprattutto i disabili. Sono 3 milioni e 100 mila le persone che vivono in Italia con disabilit\u00e0 con gravi limitazioni che impediscono loro di svolgere le normali attivit\u00e0 quotidiane e quasi 1 milione e mezzo sono gli ultra settantacinquenni che si trovano in condizione di disabilit\u00e0, 990.000 di essi sono donne.<\/p>\n<p class=\"MsoNormal\">\u201cSecondo i dati del rapporto Istat \u2018Conoscere il mondo della disabilit\u00e0\u2019, presentato in occasione della Giornata Internazionale delle Persone con Disabilit\u00e0, la \u2018geografia della disabilit\u00e0\u2019 vede le Isole purtroppo al primo posto con un\u2019incidenza del 6,3% della popolazione contro il 4,8% (il valore pi\u00f9 basso) del Nord. L\u2019analisi per ripartizione geografica mostra anche che le persone con disabilit\u00e0 che presentano difficolt\u00e0 motorie sono maggiori nel mezzogiorno, mentre se si considerano le difficolt\u00e0 sensoriali, le percentuali maggiori si riscontrano al centro e al sud. Il report dell\u2019Osservatorio Nazionale sulla Salute nelle Regioni Italiane ci fornisce informazioni importanti per quanto riguarda la disabilit\u00e0 fisica: il numero di persone con difficolt\u00e0 motorie supera il numero di persone con disabilit\u00e0 sensoriali.<\/p>\n<p class=\"MsoNormal\">\u201c\u00c8 molto interessante \u2013 ha continuato Bramanti \u2013 anche analizzare l\u2019impatto della disabilit\u00e0 sulla salute psichica delle persone. Da una ricerca sul benessere psicologico di persone di 14 anni e oltre, con e senza disabilit\u00e0, emerge in modo netto la presenza di maggiori problemi depressivi nella prima categoria. la media nazionale di persone con disabilit\u00e0 senza nessun disturbo depressivo \u00e8 di 80,5%, contro il 96,5% delle persone senza disabilit\u00e0. Ma le problematiche legate al mondo della disabilit\u00e0 sono vaste e non riguardano soltanto gli aspetti sanitari del problema. Si va dalla minore partecipazione al lavoro (nella popolazione compresa tra i 15 e i 64 anni, infatti, \u00e8 occupato solo il 31,3% di coloro che soffrono di handicap) alla ridotta vita sociale e culturale (con limitazioni alla propria rete di relazioni ed ostacoli alla partecipazione culturale).<\/p>\n<p class=\"MsoNormal\">\u201cGravissime sono poi le ricadute sulle famiglie. Per assistere il familiare con disabilit\u00e0, solo il 32,4% delle famiglie riceve sostegno da reti informali: una percentuale che rende faticoso conciliare la carriera lavorativa e l\u2019attivit\u00e0 di cura e che consente soltanto nel 24,5% dei casi che l\u2019attivit\u00e0 lavorativa, svolta da chi si prende cura di un proprio familiare in condizione di \u2018fragilit\u00e0\u2019, sia equivalente ad una posizione apicale o intermedia, mentre nel 9,6% si ha almeno una persona disoccupata in famiglia che si dedica all\u2019assistenza del proprio parente. Dai dati e dalle statistiche analizzate emerge una popolazione disabile ancora marginalizzata, che vive per molti versi in una realt\u00e0 a parte, ove sono negati tanti aspetti della quotidianit\u00e0. Il tema che l\u2019ONU ha individuato per la celebrazione di questa Giornata Internazionale delle Persone con Disabilit\u00e0 invita all\u2019inclusione delle persone disabili in una societ\u00e0 che sia completamente accessibile e sostenibile. Ma questo monito deve essere riempito di concretezza, soprattutto in un momento storico in cui, a livello mondiale, questi soggetti hanno pagato il prezzo pi\u00f9 grande, perdendo servizi e diritti.<\/p>\n<p class=\"MsoNormal\">\u201cIl Covid19 ha cancellato gli sforzi ed i passi in avanti fatti nel tempo per l\u2019inclusione dei disabili ed \u00e8 da questo che, adesso, le istituzioni devono ripartire, per non vanificare le lunghe battaglie fatti in decenni a sostegno delle persone con disabilit\u00e0\u201d.<\/p>\n","protected":false},"excerpt":{"rendered":"<p>La VII Commissione consiliare permanente, presieduta dal consigliere Placido Bramanti, si \u00e8 riunita oggi con l\u2019intento di promuovere una pi\u00f9 ampia sensibilizzazione sul tema della disabilit\u00e0. Oggi, infatti, cade la Giornata internazionale delle persone con disabilit\u00e0, istituita nel 1981 dall\u2019Onu, e per l\u2019occasione la VII Commissione ha deciso di riunirsi, assieme ad alcune realt\u00e0 cittadine [&hellip;]<\/p>\n","protected":false},"author":8,"featured_media":21728,"comment_status":"closed","ping_status":"closed","sticky":false,"template":"","format":"standard","meta":{"ub_ctt_via":"","_mi_skip_tracking":false},"categories":[4],"tags":[],"featured_image_src":"https:\/\/www.messinaoggi.it\/website\/wp-content\/uploads\/2018\/07\/IMG_20180710_100951-1.jpg","author_info":{"display_name":"red..me","author_link":"https:\/\/www.messinaoggi.it\/website\/author\/redstage\/"},"digistream_id":0,"digistream":false,"_links":{"self":[{"href":"https:\/\/www.messinaoggi.it\/website\/wp-json\/wp\/v2\/posts\/49737"}],"collection":[{"href":"https:\/\/www.messinaoggi.it\/website\/wp-json\/wp\/v2\/posts"}],"about":[{"href":"https:\/\/www.messinaoggi.it\/website\/wp-json\/wp\/v2\/types\/post"}],"author":[{"embeddable":true,"href":"https:\/\/www.messinaoggi.it\/website\/wp-json\/wp\/v2\/users\/8"}],"replies":[{"embeddable":true,"href":"https:\/\/www.messinaoggi.it\/website\/wp-json\/wp\/v2\/comments?post=49737"}],"version-history":[{"count":0,"href":"https:\/\/www.messinaoggi.it\/website\/wp-json\/wp\/v2\/posts\/49737\/revisions"}],"wp:featuredmedia":[{"embeddable":true,"href":"https:\/\/www.messinaoggi.it\/website\/wp-json\/wp\/v2\/media\/21728"}],"wp:attachment":[{"href":"https:\/\/www.messinaoggi.it\/website\/wp-json\/wp\/v2\/media?parent=49737"}],"wp:term":[{"taxonomy":"category","embeddable":true,"href":"https:\/\/www.messinaoggi.it\/website\/wp-json\/wp\/v2\/categories?post=49737"},{"taxonomy":"post_tag","embeddable":true,"href":"https:\/\/www.messinaoggi.it\/website\/wp-json\/wp\/v2\/tags?post=49737"}],"curies":[{"name":"wp","href":"https:\/\/api.w.org\/{rel}","templated":true}]}}