{"id":49735,"date":"2020-12-03T12:27:03","date_gmt":"2020-12-03T11:27:03","guid":{"rendered":"https:\/\/www.messinaoggi.it\/website\/?p=49735"},"modified":"2020-12-03T12:27:03","modified_gmt":"2020-12-03T11:27:03","slug":"milazzo-addetti-ai-rifiuti-pronti-a-protestare-precarie-le-condizioni-igieniche","status":"publish","type":"post","link":"https:\/\/www.messinaoggi.it\/website\/2020\/12\/03\/milazzo-addetti-ai-rifiuti-pronti-a-protestare-precarie-le-condizioni-igieniche\/","title":{"rendered":"Milazzo, addetti ai rifiuti pronti a protestare: &quot;Precarie le condizioni igieniche&quot;"},"content":{"rendered":"<p style=\"text-align: justify\">I lavori addetti alla raccolta e allo smaltimento dei rifiuti di Milazzo sono pronti a scendere in piazza per protestare. Mercoled\u00ec prossimo le segreterie provinciali di Fp Cgil, Uiltrasporti e Fiadel hanno programmato una prima azione di sciopero di questi lavoratori. I sindacati, infatti, reputano insufficienti le condizioni igienico sanitarie e di sicurezza in cui i dipendenti svolgono quotidianamente l\u2019attivit\u00e0 lavorativa. Un tema di fondamentale importanza considerata l&#8217;emergenza sanitaria in corso.<div id=\"div-gpt-ad-Messinaoggi.it-DSK-300x250-corpoart\" style=\"text-align:center;margin:0 auto;\"><\/div><\/p>\n<p style=\"text-align: justify\">\u201cNonostante i numerosi tentativi di interlocuzione in questi mesi con la ditta Supereco che gestisce in affidamento il servizio, \u2013 dichiarano Carmelo Pino, Michele Barresi e Ferdinando Vento, segretari di Fp Cgil, Uiltrasporti e Fiadel \u2013 riscontriamo il persistere di criticit\u00e0 legate alla sicurezza, alla fornitura di dispositivi e dei mezzi e di igiene negli ambienti di lavoro ma anche diverse irregolarit\u00e0 nella gestione del personale in busta paga e in inquadramenti professionali non riconosciuti\u201d.<div id=\"videoincontent\" style=\"clear:both\";><\/div><\/p>\n<p style=\"text-align: justify\">\u201cNonostante i continui solleciti alla ditta \u2013 proseguono i sindacati \u2013 dei quali nel tempo si \u00e8 messa a conoscenza l\u2019amministrazione comunale in qualit\u00e0 di ente committente del servizio, non si \u00e8\u00a0 mai riscontrata la volont\u00e0 di trovare risoluzione alla vertenzialit\u00e0 in atto che penalizza da tempo gli oltre 80 lavoratori impiegati che subiscono la precariet\u00e0 di continui affidamenti diretti in attesa degli sviluppi legali legati al bando settennale ormi congelato da mesi.<\/p>\n<p style=\"text-align: justify\">\u201cNon \u00e8 certo intenzione dei sindacati creare disagio all\u2019utenza special modo in questo frangente e ci\u00a0 auguriamo anzi che alla luce del fattivo interesse al settore rifiuti che l\u2019amministrazione comunale appena insediata ha subito dimostrato \u2013 concludono i sindacati \u2013 il sindaco di Milazzo possa, per quanto di competenza nel ruolo di committente, porre in essere interventi utili nei confronti dell\u2019azienda per garantire la regolarit\u00e0 del servizio offerto alla cittadinanza e finalizzato anche al rispetto dei legittimi diritti dei lavoratori\u201d.<\/p>\n","protected":false},"excerpt":{"rendered":"<p>I lavori addetti alla raccolta e allo smaltimento dei rifiuti di Milazzo sono pronti a scendere in piazza per protestare. Mercoled\u00ec prossimo le segreterie provinciali di Fp Cgil, Uiltrasporti e Fiadel hanno programmato una prima azione di sciopero di questi lavoratori. I sindacati, infatti, reputano insufficienti le condizioni igienico sanitarie e di sicurezza in cui [&hellip;]<\/p>\n","protected":false},"author":8,"featured_media":33013,"comment_status":"closed","ping_status":"closed","sticky":false,"template":"","format":"standard","meta":{"ub_ctt_via":"","_mi_skip_tracking":false},"categories":[13,14],"tags":[],"featured_image_src":"https:\/\/www.messinaoggi.it\/website\/wp-content\/uploads\/2019\/05\/raccolta-differenziata-porta-a-porta.jpg","author_info":{"display_name":"red..me","author_link":"https:\/\/www.messinaoggi.it\/website\/author\/redstage\/"},"digistream_id":0,"digistream":false,"_links":{"self":[{"href":"https:\/\/www.messinaoggi.it\/website\/wp-json\/wp\/v2\/posts\/49735"}],"collection":[{"href":"https:\/\/www.messinaoggi.it\/website\/wp-json\/wp\/v2\/posts"}],"about":[{"href":"https:\/\/www.messinaoggi.it\/website\/wp-json\/wp\/v2\/types\/post"}],"author":[{"embeddable":true,"href":"https:\/\/www.messinaoggi.it\/website\/wp-json\/wp\/v2\/users\/8"}],"replies":[{"embeddable":true,"href":"https:\/\/www.messinaoggi.it\/website\/wp-json\/wp\/v2\/comments?post=49735"}],"version-history":[{"count":0,"href":"https:\/\/www.messinaoggi.it\/website\/wp-json\/wp\/v2\/posts\/49735\/revisions"}],"wp:featuredmedia":[{"embeddable":true,"href":"https:\/\/www.messinaoggi.it\/website\/wp-json\/wp\/v2\/media\/33013"}],"wp:attachment":[{"href":"https:\/\/www.messinaoggi.it\/website\/wp-json\/wp\/v2\/media?parent=49735"}],"wp:term":[{"taxonomy":"category","embeddable":true,"href":"https:\/\/www.messinaoggi.it\/website\/wp-json\/wp\/v2\/categories?post=49735"},{"taxonomy":"post_tag","embeddable":true,"href":"https:\/\/www.messinaoggi.it\/website\/wp-json\/wp\/v2\/tags?post=49735"}],"curies":[{"name":"wp","href":"https:\/\/api.w.org\/{rel}","templated":true}]}}