{"id":49677,"date":"2020-12-01T19:42:06","date_gmt":"2020-12-01T18:42:06","guid":{"rendered":"https:\/\/www.messinaoggi.it\/website\/?p=49677"},"modified":"2020-12-01T19:42:06","modified_gmt":"2020-12-01T18:42:06","slug":"sindacalista-gentiluomo-stroncato-dal-covid","status":"publish","type":"post","link":"https:\/\/www.messinaoggi.it\/website\/2020\/12\/01\/sindacalista-gentiluomo-stroncato-dal-covid\/","title":{"rendered":"Sindacalista-gentiluomo stroncato dal Covid 19"},"content":{"rendered":"<p>Si \u00e8 spento oggi, all&#8217;et\u00e0 di 58 anni, il segretario della Cisal Messina Santino Paladino, che da met\u00e0 novembre era ricoverato al Papardo per Covid; negli ultimi giorni si era registrato un peggioramento delle sue condizioni.<br \/>\n&#8220;La Cisal si stringe attorno alla famiglia di Santino, volto storico del mondo sindacale messinese, da anni impegnato in prima linea a difesa dei lavoratori dell&#8217;ex Provincia e responsabile delle federazioni Csa e Fiadel\u201d, dicono Giuseppe Badagliacca, Nicola Scaglione e Gianluca Colombino della Cisal.<br \/>\n\u201cUn uomo stimato e apprezzato \u2013 dicono Badagliacca, Scaglione e Colombino \u2013 a cui tutti riconoscevano competenza e umanit\u00e0. La scomparsa di Santino \u00e8 un duro colpo non solo per la nostra organizzazione sindacale, ma per le tantissime persone che in questi anni hanno avuto modo di conoscerne la seriet\u00e0 e la passione che metteva in tutto quello che faceva. Siamo vicini, in questo momento cos\u00ec doloroso, ai suoi familiari, a Rosy, Claudio e Francesco ed a<br \/>\ntutti coloro che, negli ospedali, lottano contro il Covid\u201d.<div id=\"div-gpt-ad-Messinaoggi.it-DSK-300x250-corpoart\" style=\"text-align:center;margin:0 auto;\"><\/div><\/p>\n<div id=\"videoincontent\" style=\"clear:both\";><\/div>","protected":false},"excerpt":{"rendered":"<p>Si \u00e8 spento oggi, all&#8217;et\u00e0 di 58 anni, il segretario della Cisal Messina Santino Paladino, che da met\u00e0 novembre era ricoverato al Papardo per Covid; negli ultimi giorni si era registrato un peggioramento delle sue condizioni. &#8220;La Cisal si stringe attorno alla famiglia di Santino, volto storico del mondo sindacale messinese, da anni impegnato in [&hellip;]<\/p>\n","protected":false},"author":4,"featured_media":49678,"comment_status":"closed","ping_status":"closed","sticky":false,"template":"","format":"standard","meta":{"ub_ctt_via":"","_mi_skip_tracking":false},"categories":[221],"tags":[],"featured_image_src":"https:\/\/www.messinaoggi.it\/website\/wp-content\/uploads\/2020\/12\/IMG-20201201-WA0142.jpg","author_info":{"display_name":"redme","author_link":"https:\/\/www.messinaoggi.it\/website\/author\/redme\/"},"digistream_id":0,"digistream":false,"_links":{"self":[{"href":"https:\/\/www.messinaoggi.it\/website\/wp-json\/wp\/v2\/posts\/49677"}],"collection":[{"href":"https:\/\/www.messinaoggi.it\/website\/wp-json\/wp\/v2\/posts"}],"about":[{"href":"https:\/\/www.messinaoggi.it\/website\/wp-json\/wp\/v2\/types\/post"}],"author":[{"embeddable":true,"href":"https:\/\/www.messinaoggi.it\/website\/wp-json\/wp\/v2\/users\/4"}],"replies":[{"embeddable":true,"href":"https:\/\/www.messinaoggi.it\/website\/wp-json\/wp\/v2\/comments?post=49677"}],"version-history":[{"count":0,"href":"https:\/\/www.messinaoggi.it\/website\/wp-json\/wp\/v2\/posts\/49677\/revisions"}],"wp:featuredmedia":[{"embeddable":true,"href":"https:\/\/www.messinaoggi.it\/website\/wp-json\/wp\/v2\/media\/49678"}],"wp:attachment":[{"href":"https:\/\/www.messinaoggi.it\/website\/wp-json\/wp\/v2\/media?parent=49677"}],"wp:term":[{"taxonomy":"category","embeddable":true,"href":"https:\/\/www.messinaoggi.it\/website\/wp-json\/wp\/v2\/categories?post=49677"},{"taxonomy":"post_tag","embeddable":true,"href":"https:\/\/www.messinaoggi.it\/website\/wp-json\/wp\/v2\/tags?post=49677"}],"curies":[{"name":"wp","href":"https:\/\/api.w.org\/{rel}","templated":true}]}}