{"id":49665,"date":"2020-12-01T15:16:40","date_gmt":"2020-12-01T14:16:40","guid":{"rendered":"https:\/\/www.messinaoggi.it\/website\/?p=49665"},"modified":"2020-12-01T15:16:40","modified_gmt":"2020-12-01T14:16:40","slug":"calcio-serie-d-fc-messina-stop-piu-lungo-del-previsto-si-ritorna-in-campo-il-13-dicembre","status":"publish","type":"post","link":"https:\/\/www.messinaoggi.it\/website\/2020\/12\/01\/calcio-serie-d-fc-messina-stop-piu-lungo-del-previsto-si-ritorna-in-campo-il-13-dicembre\/","title":{"rendered":"CALCIO SERIE D &#8211; FC Messina, stop pi\u00f9 lungo del previsto. Si ritorna in campo il 13 dicembre"},"content":{"rendered":"<h6 style=\"text-align: justify\"><strong><em>Il programma cambia ancora: domani la ripresa al Despar Stadium. Slitta ulteriormente la ripresa del torneo. Pausa utile per ritrovare Giuffrida e Carbonaro<\/em><\/strong><\/h6>\n<p style=\"text-align: justify\">Sar\u00e0 uno stop pi\u00f9 lungo del previsto per il FC Messina, che non torner\u00e0 in campo nemmeno nel prossimo week-end. Slitta infatti al 13 dicembre il match casalingo con il Marina di Ragusa, in virt\u00f9 del rinvio imposto dalla Lega Nazionale Dilettanti per l&#8217;attuazione del nuovo protocollo sanitario.<div id=\"div-gpt-ad-Messinaoggi.it-DSK-300x250-corpoart\" style=\"text-align:center;margin:0 auto;\"><\/div><\/p>\n<p style=\"text-align: justify\">Una notizia che rammarica il gruppo giallorosso, voglioso di gare ufficiali dopo un periodo di soli allenamenti. La ripresa, prevista per oggi, slitta dunque a mercoled\u00ec, con un ulteriore giorno di pausa concesso da mister Pino Rigoli. Nel programma del tecnico raccuiese doppia seduta gioved\u00ec e singoli lavori mattutini nelle giornate di venerd\u00ec, sabato e domenica.<div id=\"videoincontent\" style=\"clear:both\";><\/div><\/p>\n<p style=\"text-align: justify\">L&#8217;unica nota positiva riguarda gli infortunati Giuffrida e Carbonaro che, a questo punto, dovrebbero tornare tra i disponibili per il confronto con la formazione di Salvatore Utro. Da valutare le condizioni di Camara e De Luca.<\/p>\n","protected":false},"excerpt":{"rendered":"<p>Il programma cambia ancora: domani la ripresa al Despar Stadium. Slitta ulteriormente la ripresa del torneo. Pausa utile per ritrovare Giuffrida e Carbonaro Sar\u00e0 uno stop pi\u00f9 lungo del previsto per il FC Messina, che non torner\u00e0 in campo nemmeno nel prossimo week-end. Slitta infatti al 13 dicembre il match casalingo con il Marina di [&hellip;]<\/p>\n","protected":false},"author":17,"featured_media":49666,"comment_status":"closed","ping_status":"closed","sticky":false,"template":"","format":"standard","meta":{"ub_ctt_via":"","_mi_skip_tracking":false},"categories":[10,9],"tags":[26],"featured_image_src":"https:\/\/www.messinaoggi.it\/website\/wp-content\/uploads\/2020\/12\/facundo-coria.jpg","author_info":{"display_name":"Giuseppe Luppino","author_link":"https:\/\/www.messinaoggi.it\/website\/author\/g-luppino\/"},"digistream_id":0,"digistream":false,"_links":{"self":[{"href":"https:\/\/www.messinaoggi.it\/website\/wp-json\/wp\/v2\/posts\/49665"}],"collection":[{"href":"https:\/\/www.messinaoggi.it\/website\/wp-json\/wp\/v2\/posts"}],"about":[{"href":"https:\/\/www.messinaoggi.it\/website\/wp-json\/wp\/v2\/types\/post"}],"author":[{"embeddable":true,"href":"https:\/\/www.messinaoggi.it\/website\/wp-json\/wp\/v2\/users\/17"}],"replies":[{"embeddable":true,"href":"https:\/\/www.messinaoggi.it\/website\/wp-json\/wp\/v2\/comments?post=49665"}],"version-history":[{"count":0,"href":"https:\/\/www.messinaoggi.it\/website\/wp-json\/wp\/v2\/posts\/49665\/revisions"}],"wp:featuredmedia":[{"embeddable":true,"href":"https:\/\/www.messinaoggi.it\/website\/wp-json\/wp\/v2\/media\/49666"}],"wp:attachment":[{"href":"https:\/\/www.messinaoggi.it\/website\/wp-json\/wp\/v2\/media?parent=49665"}],"wp:term":[{"taxonomy":"category","embeddable":true,"href":"https:\/\/www.messinaoggi.it\/website\/wp-json\/wp\/v2\/categories?post=49665"},{"taxonomy":"post_tag","embeddable":true,"href":"https:\/\/www.messinaoggi.it\/website\/wp-json\/wp\/v2\/tags?post=49665"}],"curies":[{"name":"wp","href":"https:\/\/api.w.org\/{rel}","templated":true}]}}