{"id":49652,"date":"2020-11-30T19:38:56","date_gmt":"2020-11-30T18:38:56","guid":{"rendered":"https:\/\/www.messinaoggi.it\/website\/?p=49652"},"modified":"2020-11-30T19:38:56","modified_gmt":"2020-11-30T18:38:56","slug":"cantarella-la-carta-di-catania-svolta-epocale-per-i-beni-culturali-siciliani","status":"publish","type":"post","link":"https:\/\/www.messinaoggi.it\/website\/2020\/11\/30\/cantarella-la-carta-di-catania-svolta-epocale-per-i-beni-culturali-siciliani\/","title":{"rendered":"Cantarella: &quot;La Carta di Catania svolta epocale per i beni culturali siciliani&quot;"},"content":{"rendered":"<p><span style=\"font-family: verdana, sans-serif;\">&#8220;La Carta di Catania voluta dall\u2019assessore Samon\u00e0 \u00e8 un simbolo del buongoverno targato Lega e sono certo rappresenter\u00e0 una svolta epocale nella gestione dei beni culturali siciliani permettendo ai siciliani di scoprire tesori e bellezze finora sconosciuti\u201d: lo afferma Fabio Cantarella, vicesegretario regionale della Lega e assessore al Comune di Catania.<\/span><br \/>\n<span style=\"font-family: verdana, sans-serif;\">&#8220;Come componente dell\u2019Amministrazione comunale catanese &#8211; continua l&#8217;esponente della Lega &#8211; sono particolarmente fiero che questo provvedimento importantissimo nasca nella di fatto nella nostra citt\u00e0 e sotto l&#8217;impulso della Soprintendente dei Beni culturali di Catania Rosalba Panvini. Sono certo che saremo i primi a trarne beneficio\u201d. \u00a0<\/span><div id=\"div-gpt-ad-Messinaoggi.it-DSK-300x250-corpoart\" style=\"text-align:center;margin:0 auto;\"><\/div><\/p>\n<div id=\"videoincontent\" style=\"clear:both\";><\/div>","protected":false},"excerpt":{"rendered":"<p>&#8220;La Carta di Catania voluta dall\u2019assessore Samon\u00e0 \u00e8 un simbolo del buongoverno targato Lega e sono certo rappresenter\u00e0 una svolta epocale nella gestione dei beni culturali siciliani permettendo ai siciliani di scoprire tesori e bellezze finora sconosciuti\u201d: lo afferma Fabio Cantarella, vicesegretario regionale della Lega e assessore al Comune di Catania. &#8220;Come componente dell\u2019Amministrazione comunale [&hellip;]<\/p>\n","protected":false},"author":4,"featured_media":47600,"comment_status":"closed","ping_status":"closed","sticky":false,"template":"","format":"standard","meta":{"ub_ctt_via":"","_mi_skip_tracking":false},"categories":[16],"tags":[],"featured_image_src":"https:\/\/www.messinaoggi.it\/website\/wp-content\/uploads\/2020\/09\/67710117_10219982736747046_3868701051821490176_o.jpg","author_info":{"display_name":"redme","author_link":"https:\/\/www.messinaoggi.it\/website\/author\/redme\/"},"digistream_id":0,"digistream":false,"_links":{"self":[{"href":"https:\/\/www.messinaoggi.it\/website\/wp-json\/wp\/v2\/posts\/49652"}],"collection":[{"href":"https:\/\/www.messinaoggi.it\/website\/wp-json\/wp\/v2\/posts"}],"about":[{"href":"https:\/\/www.messinaoggi.it\/website\/wp-json\/wp\/v2\/types\/post"}],"author":[{"embeddable":true,"href":"https:\/\/www.messinaoggi.it\/website\/wp-json\/wp\/v2\/users\/4"}],"replies":[{"embeddable":true,"href":"https:\/\/www.messinaoggi.it\/website\/wp-json\/wp\/v2\/comments?post=49652"}],"version-history":[{"count":0,"href":"https:\/\/www.messinaoggi.it\/website\/wp-json\/wp\/v2\/posts\/49652\/revisions"}],"wp:featuredmedia":[{"embeddable":true,"href":"https:\/\/www.messinaoggi.it\/website\/wp-json\/wp\/v2\/media\/47600"}],"wp:attachment":[{"href":"https:\/\/www.messinaoggi.it\/website\/wp-json\/wp\/v2\/media?parent=49652"}],"wp:term":[{"taxonomy":"category","embeddable":true,"href":"https:\/\/www.messinaoggi.it\/website\/wp-json\/wp\/v2\/categories?post=49652"},{"taxonomy":"post_tag","embeddable":true,"href":"https:\/\/www.messinaoggi.it\/website\/wp-json\/wp\/v2\/tags?post=49652"}],"curies":[{"name":"wp","href":"https:\/\/api.w.org\/{rel}","templated":true}]}}