{"id":49540,"date":"2020-11-28T09:26:04","date_gmt":"2020-11-28T08:26:04","guid":{"rendered":"https:\/\/www.messinaoggi.it\/website\/?p=49540"},"modified":"2020-11-28T09:26:04","modified_gmt":"2020-11-28T08:26:04","slug":"karting-due-siciliani-al-2-stage-karting-della-scuola-federale-aci-sport","status":"publish","type":"post","link":"https:\/\/www.messinaoggi.it\/website\/2020\/11\/28\/karting-due-siciliani-al-2-stage-karting-della-scuola-federale-aci-sport\/","title":{"rendered":"KARTING &#8211; Due siciliani al 2\u00b0 Stage Karting della scuola federale Aci Sport"},"content":{"rendered":"<h6 style=\"text-align: justify\"><strong><em>Michael Paparo e Alfio Spina sono stati selezionati fra i migliori piloti emergenti a coronamento della loro proficua stagione, per prendere parte l&#8217;1 e il 2 Dicembre sul Circuito Internazionale di Viterbo; progetto in cui la Federazione offre un\u2019ottima occasione valutativa e di addestramento per la crescita sportiva. &#8220;Esperienza di apprendimento e di crescita&#8221;<\/em><\/strong><\/h6>\n<p style=\"text-align: justify\">\u00a0Si terr\u00e0 l&#8217;1 e il 2 dicembre presso il Circuito Internazionale di Viterbo\u00a0 la seconda edizione dello stage valutativo Karting ad opera della Scuola ACI Sport \u201cMichele Alboreto\u201d. L&#8217;organizzazione sar\u00e0 curata dalla scuola federale il cui coordinatore, Raffaele Giammaria, sar\u00e0 affiancato da Giancarlo Minardi in veste di supervisore. Prevista anche la presenza del Presidente della Commissione Karting ACISport Emanuele Pirro.<div id=\"div-gpt-ad-Messinaoggi.it-DSK-300x250-corpoart\" style=\"text-align:center;margin:0 auto;\"><\/div><\/p>\n<p style=\"text-align: justify\">Sono stati invitati a prenderne parte i due piloti siciliani\u00a0 appena reduci dalla prova mondiale OK di Portimao in Portogallo: il 15enne siracusano Michael Paparo e il 14enne catanese Alfio Andrea Spina. Per entrambi questa \u201cchiamata\u201d rappresenta un&#8217;occasione fondamentale per la crescita\u00a0 sportiva. Il corso vedr\u00e0 la presenza di istruttori di ottimo livello, sar\u00e0 di confronto ravvicinato con altri bravi piloti provenienti da tutta Italia e rappresenter\u00e0\u00a0 una bella vetrina per evidenziare ed affinare le loro doti.<div id=\"videoincontent\" style=\"clear:both\";><\/div><\/p>\n","protected":false},"excerpt":{"rendered":"<p>Michael Paparo e Alfio Spina sono stati selezionati fra i migliori piloti emergenti a coronamento della loro proficua stagione, per prendere parte l&#8217;1 e il 2 Dicembre sul Circuito Internazionale di Viterbo; progetto in cui la Federazione offre un\u2019ottima occasione valutativa e di addestramento per la crescita sportiva. &#8220;Esperienza di apprendimento e di crescita&#8221; \u00a0Si [&hellip;]<\/p>\n","protected":false},"author":17,"featured_media":49541,"comment_status":"closed","ping_status":"closed","sticky":false,"template":"","format":"standard","meta":{"ub_ctt_via":"","_mi_skip_tracking":false},"categories":[8,9],"tags":[441,418],"featured_image_src":"https:\/\/www.messinaoggi.it\/website\/wp-content\/uploads\/2020\/11\/Foto-deleg.jpg","author_info":{"display_name":"Giuseppe Luppino","author_link":"https:\/\/www.messinaoggi.it\/website\/author\/g-luppino\/"},"digistream_id":0,"digistream":false,"_links":{"self":[{"href":"https:\/\/www.messinaoggi.it\/website\/wp-json\/wp\/v2\/posts\/49540"}],"collection":[{"href":"https:\/\/www.messinaoggi.it\/website\/wp-json\/wp\/v2\/posts"}],"about":[{"href":"https:\/\/www.messinaoggi.it\/website\/wp-json\/wp\/v2\/types\/post"}],"author":[{"embeddable":true,"href":"https:\/\/www.messinaoggi.it\/website\/wp-json\/wp\/v2\/users\/17"}],"replies":[{"embeddable":true,"href":"https:\/\/www.messinaoggi.it\/website\/wp-json\/wp\/v2\/comments?post=49540"}],"version-history":[{"count":0,"href":"https:\/\/www.messinaoggi.it\/website\/wp-json\/wp\/v2\/posts\/49540\/revisions"}],"wp:featuredmedia":[{"embeddable":true,"href":"https:\/\/www.messinaoggi.it\/website\/wp-json\/wp\/v2\/media\/49541"}],"wp:attachment":[{"href":"https:\/\/www.messinaoggi.it\/website\/wp-json\/wp\/v2\/media?parent=49540"}],"wp:term":[{"taxonomy":"category","embeddable":true,"href":"https:\/\/www.messinaoggi.it\/website\/wp-json\/wp\/v2\/categories?post=49540"},{"taxonomy":"post_tag","embeddable":true,"href":"https:\/\/www.messinaoggi.it\/website\/wp-json\/wp\/v2\/tags?post=49540"}],"curies":[{"name":"wp","href":"https:\/\/api.w.org\/{rel}","templated":true}]}}