{"id":4954,"date":"2017-07-17T18:09:26","date_gmt":"2017-07-17T16:09:26","guid":{"rendered":"http:\/\/www.messinaoggi.it\/website\/?p=4954"},"modified":"2017-07-17T18:09:26","modified_gmt":"2017-07-17T16:09:26","slug":"calcio-illustrato-al-sindaco-il-progetto-barbera","status":"publish","type":"post","link":"https:\/\/www.messinaoggi.it\/website\/2017\/07\/17\/calcio-illustrato-al-sindaco-il-progetto-barbera\/","title":{"rendered":"Calcio, illustrato al sindaco il progetto-Barbera"},"content":{"rendered":"<p>E&#8217; durato un&#8217;ora l&#8217;incontro fra il sindaco Renato Accorinti e l&#8217;imprenditore Francesco Barbera. Oggi a Palazzo Zanca \u00e8 andato in scena il primo atto della &#8220;ricostruzione&#8221; del calcio messinese.<br \/>\nL&#8217;industriale messinese era accompagnato dai suoi consulenti ed ha esposto al primo cittadino il progetto sportivo che passer\u00e0 inevitabilmente dalla concessione dello stadio Giovanni Celeste per la disputa del prossimo campionato di serie D. Il sindaco e il suo assessore allo sport, Sebastiano Pino, hanno manifestato piena disponibilit\u00e0 a Francesco Barbera dando appuntamento al 27 luglio quando sar\u00e0 presentata ufficialmente al sindaco la composizione societaria.<br \/>\nL&#8217;imprenditore \u00e8 a capo di una cordata messinese che ha manifestato la volont\u00e0 di ricostruire il calcio dalle ceneri dell&#8217;Acr. In dieci giorni si dovr\u00e0 procedere allo costituzione della nuova societ\u00e0, alla programmazione della nuova stagione e quindi al disbrigo della documentazione funzionale all&#8217;iscrizione al campionato nazionale Dilettanti.<br \/>\nSar\u00e0 poi cura del sindaco, come previsto dal regolamento, avanzare richiesta di iscrizione della nuova societ\u00e0 in sovrannumero. Entro fine mese o massimo i primi di agosto si avr\u00e0 un quadro completo. Oggi si \u00e8 quindi consumato uno step importante funzionale alla rinascita del calcio cittadino.<div id=\"div-gpt-ad-Messinaoggi.it-DSK-300x250-corpoart\" style=\"text-align:center;margin:0 auto;\"><\/div><\/p>\n<div id=\"videoincontent\" style=\"clear:both\";><\/div>","protected":false},"excerpt":{"rendered":"<p>E&#8217; durato un&#8217;ora l&#8217;incontro fra il sindaco Renato Accorinti e l&#8217;imprenditore Francesco Barbera. Oggi a Palazzo Zanca \u00e8 andato in scena il primo atto della &#8220;ricostruzione&#8221; del calcio messinese. L&#8217;industriale messinese era accompagnato dai suoi consulenti ed ha esposto al primo cittadino il progetto sportivo che passer\u00e0 inevitabilmente dalla concessione dello stadio Giovanni Celeste per [&hellip;]<\/p>\n","protected":false},"author":2,"featured_media":4953,"comment_status":"closed","ping_status":"open","sticky":false,"template":"","format":"standard","meta":{"ub_ctt_via":"","_mi_skip_tracking":false},"categories":[19],"tags":[],"featured_image_src":"https:\/\/www.messinaoggi.it\/website\/wp-content\/uploads\/2017\/07\/SAYADAG_BARBERA-2.jpg","author_info":{"display_name":"Redazione","author_link":"https:\/\/www.messinaoggi.it\/website\/author\/redazione\/"},"digistream_id":0,"digistream":false,"_links":{"self":[{"href":"https:\/\/www.messinaoggi.it\/website\/wp-json\/wp\/v2\/posts\/4954"}],"collection":[{"href":"https:\/\/www.messinaoggi.it\/website\/wp-json\/wp\/v2\/posts"}],"about":[{"href":"https:\/\/www.messinaoggi.it\/website\/wp-json\/wp\/v2\/types\/post"}],"author":[{"embeddable":true,"href":"https:\/\/www.messinaoggi.it\/website\/wp-json\/wp\/v2\/users\/2"}],"replies":[{"embeddable":true,"href":"https:\/\/www.messinaoggi.it\/website\/wp-json\/wp\/v2\/comments?post=4954"}],"version-history":[{"count":0,"href":"https:\/\/www.messinaoggi.it\/website\/wp-json\/wp\/v2\/posts\/4954\/revisions"}],"wp:featuredmedia":[{"embeddable":true,"href":"https:\/\/www.messinaoggi.it\/website\/wp-json\/wp\/v2\/media\/4953"}],"wp:attachment":[{"href":"https:\/\/www.messinaoggi.it\/website\/wp-json\/wp\/v2\/media?parent=4954"}],"wp:term":[{"taxonomy":"category","embeddable":true,"href":"https:\/\/www.messinaoggi.it\/website\/wp-json\/wp\/v2\/categories?post=4954"},{"taxonomy":"post_tag","embeddable":true,"href":"https:\/\/www.messinaoggi.it\/website\/wp-json\/wp\/v2\/tags?post=4954"}],"curies":[{"name":"wp","href":"https:\/\/api.w.org\/{rel}","templated":true}]}}