{"id":49533,"date":"2020-11-27T09:00:28","date_gmt":"2020-11-27T08:00:28","guid":{"rendered":"https:\/\/www.messinaoggi.it\/website\/?p=49533"},"modified":"2020-11-27T09:00:28","modified_gmt":"2020-11-27T08:00:28","slug":"barcellona-avviata-la-riorganizzazione-del-comune","status":"publish","type":"post","link":"https:\/\/www.messinaoggi.it\/website\/2020\/11\/27\/barcellona-avviata-la-riorganizzazione-del-comune\/","title":{"rendered":"Barcellona, avviata la riorganizzazione del comune"},"content":{"rendered":"<p style=\"text-align: justify\">Avviato ufficialmente il processo di riorganizzazione della macchina amministrativa barcellonese. Lo rende noto il sindaco Pinuccio Calabr\u00f2, spiegando di aver tenuto fede a una delle sue promesse fatte in campagna elettorale. Su proposta dell&#8217;assessore Calderone, la giunta di Barcellona Pozzo di Gotto, infatti, ha approvato la rideterminazione della pianta organica del Comune che, di fatto, consentir\u00e0 una maggiore omogeneit\u00e0 all&#8217;interno dei settori una divisione pi\u00f9 equilibrata e funzionale delle competenze.<div id=\"div-gpt-ad-Messinaoggi.it-DSK-300x250-corpoart\" style=\"text-align:center;margin:0 auto;\"><\/div><\/p>\n<p style=\"text-align: justify\">La nuova struttura organizzativa, nelle intenzioni dell\u2019Amministrazione, dovr\u00e0 essere funzionale al raggiungimento degli obiettivi prefissati e garantire un livello soddisfacente dei servizi erogati. Questo passaggio \u00e8 conseguente all\u2019avvenuta modifica della dotazione organica e consente la programmazione del piano di assunzioni triennale in base al fabbisogno di personale. La definizione della nuova struttura organizzativa presta particolare attenzione all\u2019innovazione tecnologica e all\u2019informatizzazione complessiva dei procedimenti. Aspetto necessario sia in chiave di trasparenza e anticorruzione che per snellire la burocrazia, venendo in contro alle esigenze dell\u2019utenza.<div id=\"videoincontent\" style=\"clear:both\";><\/div><\/p>\n<p style=\"text-align: justify\">Ultimato il nuovo assetto organizzativo, l\u2019Amministrazione comunale provveder\u00e0 al piano di assegnazione del personale che terr\u00e0 conto delle necessit\u00e0 degli uffici con il preciso fine di garantire all\u2019apparato burocratico efficienza ed efficacia, soprattutto nei settori e servizi che si rivelano maggiormente carenti. In particolare, si \u00e8 ritenuto di dover intervenire nei settori tecnici, ridisegnati rispetto all&#8217;impostazione passata, e di Polizia municipale, oltre che nell\u2019ambito della riscossione dei tributi locali.<\/p>\n<p style=\"text-align: justify\">La nuova struttura organizzativa di Palazzo Longano sar\u00e0 articolata in sei settori dirigenziali e un ufficio di staff posto alle dirette dipendenze del sindaco, all\u2019ufficio di segreteria generale e al servizio di Polizia municipale.<\/p>\n","protected":false},"excerpt":{"rendered":"<p>Avviato ufficialmente il processo di riorganizzazione della macchina amministrativa barcellonese. Lo rende noto il sindaco Pinuccio Calabr\u00f2, spiegando di aver tenuto fede a una delle sue promesse fatte in campagna elettorale. Su proposta dell&#8217;assessore Calderone, la giunta di Barcellona Pozzo di Gotto, infatti, ha approvato la rideterminazione della pianta organica del Comune che, di fatto, [&hellip;]<\/p>\n","protected":false},"author":8,"featured_media":34872,"comment_status":"closed","ping_status":"closed","sticky":false,"template":"","format":"standard","meta":{"ub_ctt_via":"","_mi_skip_tracking":false},"categories":[13,14],"tags":[],"featured_image_src":"https:\/\/www.messinaoggi.it\/website\/wp-content\/uploads\/2019\/07\/municipio-barcellonapozzodigotto_0-1.jpg","author_info":{"display_name":"red..me","author_link":"https:\/\/www.messinaoggi.it\/website\/author\/redstage\/"},"digistream_id":0,"digistream":false,"_links":{"self":[{"href":"https:\/\/www.messinaoggi.it\/website\/wp-json\/wp\/v2\/posts\/49533"}],"collection":[{"href":"https:\/\/www.messinaoggi.it\/website\/wp-json\/wp\/v2\/posts"}],"about":[{"href":"https:\/\/www.messinaoggi.it\/website\/wp-json\/wp\/v2\/types\/post"}],"author":[{"embeddable":true,"href":"https:\/\/www.messinaoggi.it\/website\/wp-json\/wp\/v2\/users\/8"}],"replies":[{"embeddable":true,"href":"https:\/\/www.messinaoggi.it\/website\/wp-json\/wp\/v2\/comments?post=49533"}],"version-history":[{"count":0,"href":"https:\/\/www.messinaoggi.it\/website\/wp-json\/wp\/v2\/posts\/49533\/revisions"}],"wp:featuredmedia":[{"embeddable":true,"href":"https:\/\/www.messinaoggi.it\/website\/wp-json\/wp\/v2\/media\/34872"}],"wp:attachment":[{"href":"https:\/\/www.messinaoggi.it\/website\/wp-json\/wp\/v2\/media?parent=49533"}],"wp:term":[{"taxonomy":"category","embeddable":true,"href":"https:\/\/www.messinaoggi.it\/website\/wp-json\/wp\/v2\/categories?post=49533"},{"taxonomy":"post_tag","embeddable":true,"href":"https:\/\/www.messinaoggi.it\/website\/wp-json\/wp\/v2\/tags?post=49533"}],"curies":[{"name":"wp","href":"https:\/\/api.w.org\/{rel}","templated":true}]}}