{"id":49511,"date":"2020-11-26T08:16:46","date_gmt":"2020-11-26T07:16:46","guid":{"rendered":"https:\/\/www.messinaoggi.it\/website\/?p=49511"},"modified":"2020-11-26T08:16:46","modified_gmt":"2020-11-26T07:16:46","slug":"cateno-de-luca-affonda-il-commercio-messinese","status":"publish","type":"post","link":"https:\/\/www.messinaoggi.it\/website\/2020\/11\/26\/cateno-de-luca-affonda-il-commercio-messinese\/","title":{"rendered":"Cateno De Luca affonda il commercio messinese"},"content":{"rendered":"<p style=\"text-align: justify;\">Pu\u00f2 un sindaco affossare l&#8217;economia di una intera citt\u00e0? A quanto pare s\u00ec, sopratttto se fa un uso scellerato del suo potere. Quanto sta accadendo a Messina \u00e8 qualcosa di inaudito, con il sindaco che emette ordinanze restrittive con il pretesto di volere contrastare l&#8217;emergenza sanitaria.<div id=\"div-gpt-ad-Messinaoggi.it-DSK-300x250-corpoart\" style=\"text-align:center;margin:0 auto;\"><\/div><\/p>\n<p style=\"text-align: justify;\">A Messina i numeri del contagio non sono cos\u00ec allarmanti da giustificare la chiusura anticipata dei negozi e delle scuole. Attorno all&#8217;emergenza Covid, si sta costruendo una realt\u00e0 completamente dissociata, tendente a creare solo un clima di terrore ingiustificato.<div id=\"videoincontent\" style=\"clear:both\";><\/div><\/p>\n<p style=\"text-align: justify;\">L&#8217;ordinanza in vigore da sabato della scorsa settimana sta solo ulterioremente aggravando una situazione economica generale di sofferenza di un intero settore qual \u00e8 quello del commercio, con un inevitabile riverbero sulla tenuta economica dell&#8217;intera citt\u00e0. Messina si regge sul terziario e quando restringi l&#8217;orario di apertura dei negozi e diffondi il terrore fra la gente che si rintana in casa, il risultato \u00e8 quello di una crisi irreversibile.<\/p>\n<p style=\"text-align: justify;\">A tutto questo si aggiungano le solite promesse, ancora non mantenute, di presunti aiuti annunciati dal sindaco con una poderosa &#8220;manovra&#8221; da dieci milioni di euro. All&#8217;illusione dei ristori si aggiunge il danno e quindi la beffa di soldi che non sono arrivati e che forse non arriveranno mai ai commercianti. Su questo il sindaco purtroppo \u00e8 recidivo, dal momento che gi\u00e0 la scorsa primavera, in piena bufera-Covid, aveva annunciato di volere aiutare con i fondi comunali proprio i commercianti, per fare fronte agli affitti. Non hanno visto un solo euro.<\/p>\n<p style=\"text-align: justify;\">Tutto ci\u00f2, mentre l&#8217;interlocuzione con le associazioni di categoria si \u00e8 fermata bruscamente dopo la riunione della scorsa settimana, tenuta dall&#8217;assessora Dafne Musolino, tornata in auge dopo essere stata messa in naftalina dal sindaco Cateno De Luca.<\/p>\n<p style=\"text-align: justify;\">I commercianti, dopo una settimana di restristizioni ingiustificate, stanno tirando le somme dopo giorni di perdite: alcuni di essi stanno valutando di abbassare le saracinesche, perch\u00e9 non ha senso proseguire in queste condizioni.<\/p>\n<p style=\"text-align: justify;\">E De Luca avr\u00e0 sulla coscienza un altro disastro&#8230;<\/p>\n<p style=\"text-align: right;\"><strong>Davide Gambale<\/strong><\/p>\n","protected":false},"excerpt":{"rendered":"<p>Pu\u00f2 un sindaco affossare l&#8217;economia di una intera citt\u00e0? A quanto pare s\u00ec, sopratttto se fa un uso scellerato del suo potere. Quanto sta accadendo a Messina \u00e8 qualcosa di inaudito, con il sindaco che emette ordinanze restrittive con il pretesto di volere contrastare l&#8217;emergenza sanitaria. A Messina i numeri del contagio non sono cos\u00ec [&hellip;]<\/p>\n","protected":false},"author":2,"featured_media":28455,"comment_status":"closed","ping_status":"closed","sticky":false,"template":"","format":"standard","meta":{"ub_ctt_via":"","_mi_skip_tracking":false},"categories":[4],"tags":[],"featured_image_src":"https:\/\/www.messinaoggi.it\/website\/wp-content\/uploads\/2019\/01\/sindaco-cateno-de-luca-ed-alle-spalle-il-municipio.jpg","author_info":{"display_name":"Redazione","author_link":"https:\/\/www.messinaoggi.it\/website\/author\/redazione\/"},"digistream_id":0,"digistream":false,"_links":{"self":[{"href":"https:\/\/www.messinaoggi.it\/website\/wp-json\/wp\/v2\/posts\/49511"}],"collection":[{"href":"https:\/\/www.messinaoggi.it\/website\/wp-json\/wp\/v2\/posts"}],"about":[{"href":"https:\/\/www.messinaoggi.it\/website\/wp-json\/wp\/v2\/types\/post"}],"author":[{"embeddable":true,"href":"https:\/\/www.messinaoggi.it\/website\/wp-json\/wp\/v2\/users\/2"}],"replies":[{"embeddable":true,"href":"https:\/\/www.messinaoggi.it\/website\/wp-json\/wp\/v2\/comments?post=49511"}],"version-history":[{"count":0,"href":"https:\/\/www.messinaoggi.it\/website\/wp-json\/wp\/v2\/posts\/49511\/revisions"}],"wp:featuredmedia":[{"embeddable":true,"href":"https:\/\/www.messinaoggi.it\/website\/wp-json\/wp\/v2\/media\/28455"}],"wp:attachment":[{"href":"https:\/\/www.messinaoggi.it\/website\/wp-json\/wp\/v2\/media?parent=49511"}],"wp:term":[{"taxonomy":"category","embeddable":true,"href":"https:\/\/www.messinaoggi.it\/website\/wp-json\/wp\/v2\/categories?post=49511"},{"taxonomy":"post_tag","embeddable":true,"href":"https:\/\/www.messinaoggi.it\/website\/wp-json\/wp\/v2\/tags?post=49511"}],"curies":[{"name":"wp","href":"https:\/\/api.w.org\/{rel}","templated":true}]}}