{"id":4933,"date":"2017-07-17T12:25:54","date_gmt":"2017-07-17T10:25:54","guid":{"rendered":"http:\/\/www.messinaoggi.it\/website\/?p=4933"},"modified":"2017-07-17T12:25:54","modified_gmt":"2017-07-17T10:25:54","slug":"4933","status":"publish","type":"post","link":"https:\/\/www.messinaoggi.it\/website\/2017\/07\/17\/4933\/","title":{"rendered":"Eccellenza, Citt\u00e0 di Messina: \u00e8 ufficiale l&#039;arrivo del portiere Bill\u00e8"},"content":{"rendered":"<p style=\"text-align: justify\">Il Citt\u00e0 di Messina (calcio, Eccellenza) ha atteso lo scoccare della scorsa mezzanotte per ufficializzare un&#8217;operazione di rafforzamento (peraltro da tempo arcinota) e due riconferme.<div id=\"div-gpt-ad-Messinaoggi.it-DSK-300x250-corpoart\" style=\"text-align:center;margin:0 auto;\"><\/div><\/p>\n<p style=\"text-align: justify\">Ad affiancare tra i pali il giovane (classe &#8217;97) ma gi\u00e0 collaudato Andrea Maisano non sar\u00e0 pi\u00f9 il quasi coetaneo Mauro Simoni (&#8217;96), non rientrante pi\u00f9 nei piani societari, ma l&#8217;esperto Dino Bill\u00e8, che torna in giallorosso a distanza di due stagioni (2014\/15). Nato il 2 agosto 1986 e cresciuto nelle giovanili del Fc Messina, egli vanta numerose presenze nei campionati dilettantistici nelle file di Villafranca, Lipari, Taormina, Rometta, Citt\u00e0 di Scordia, Misterbianco e Gescal.<div id=\"videoincontent\" style=\"clear:both\";><\/div><\/p>\n<p style=\"text-align: justify\">Formalizzate anche le riconferme dell&#8217;attaccante\u00a0Alessandro Codagnone (classe &#8217;97,\u00a0 reduce in prima squadra da 35 presenze e 8 reti tra campionato e Coppa Italia) e del centrocampista\u00a0Sergio Silvestri (&#8217;99, per lui 17 presenze e una marcatura all&#8217;attivo).<\/p>\n","protected":false},"excerpt":{"rendered":"<p>Il Citt\u00e0 di Messina (calcio, Eccellenza) ha atteso lo scoccare della scorsa mezzanotte per ufficializzare un&#8217;operazione di rafforzamento (peraltro da tempo arcinota) e due riconferme. Ad affiancare tra i pali il giovane (classe &#8217;97) ma gi\u00e0 collaudato Andrea Maisano non sar\u00e0 pi\u00f9 il quasi coetaneo Mauro Simoni (&#8217;96), non rientrante pi\u00f9 nei piani societari, ma [&hellip;]<\/p>\n","protected":false},"author":9,"featured_media":4934,"comment_status":"closed","ping_status":"open","sticky":false,"template":"","format":"standard","meta":{"ub_ctt_via":"","_mi_skip_tracking":false},"categories":[10,9],"tags":[],"featured_image_src":"https:\/\/www.messinaoggi.it\/website\/wp-content\/uploads\/2017\/07\/Cardullo-Bille-2.jpg","author_info":{"display_name":"Roberto Santoro","author_link":"https:\/\/www.messinaoggi.it\/website\/author\/r-santoro\/"},"digistream_id":0,"digistream":false,"_links":{"self":[{"href":"https:\/\/www.messinaoggi.it\/website\/wp-json\/wp\/v2\/posts\/4933"}],"collection":[{"href":"https:\/\/www.messinaoggi.it\/website\/wp-json\/wp\/v2\/posts"}],"about":[{"href":"https:\/\/www.messinaoggi.it\/website\/wp-json\/wp\/v2\/types\/post"}],"author":[{"embeddable":true,"href":"https:\/\/www.messinaoggi.it\/website\/wp-json\/wp\/v2\/users\/9"}],"replies":[{"embeddable":true,"href":"https:\/\/www.messinaoggi.it\/website\/wp-json\/wp\/v2\/comments?post=4933"}],"version-history":[{"count":0,"href":"https:\/\/www.messinaoggi.it\/website\/wp-json\/wp\/v2\/posts\/4933\/revisions"}],"wp:featuredmedia":[{"embeddable":true,"href":"https:\/\/www.messinaoggi.it\/website\/wp-json\/wp\/v2\/media\/4934"}],"wp:attachment":[{"href":"https:\/\/www.messinaoggi.it\/website\/wp-json\/wp\/v2\/media?parent=4933"}],"wp:term":[{"taxonomy":"category","embeddable":true,"href":"https:\/\/www.messinaoggi.it\/website\/wp-json\/wp\/v2\/categories?post=4933"},{"taxonomy":"post_tag","embeddable":true,"href":"https:\/\/www.messinaoggi.it\/website\/wp-json\/wp\/v2\/tags?post=4933"}],"curies":[{"name":"wp","href":"https:\/\/api.w.org\/{rel}","templated":true}]}}