{"id":49323,"date":"2020-11-20T09:00:04","date_gmt":"2020-11-20T08:00:04","guid":{"rendered":"https:\/\/www.messinaoggi.it\/website\/?p=49323"},"modified":"2020-11-20T09:00:04","modified_gmt":"2020-11-20T08:00:04","slug":"rally-alessandro-casella-costretto-a-disertare-il-rally-tuscan-rewind","status":"publish","type":"post","link":"https:\/\/www.messinaoggi.it\/website\/2020\/11\/20\/rally-alessandro-casella-costretto-a-disertare-il-rally-tuscan-rewind\/","title":{"rendered":"RALLY &#8211; Alessandro Casella costretto a disertare il Rally Tuscan Rewind"},"content":{"rendered":"<h6 style=\"text-align: justify\"><em><strong>Il driver\u00a0 messinese di CST Sport costretto a casa deve rinunciare al rush finale per il titolo 2 Ruote Motrici per rispetto delle norme anti covid<\/strong><\/em><\/h6>\n<p> <div id=\"div-gpt-ad-Messinaoggi.it-DSK-300x250-corpoart\" style=\"text-align:center;margin:0 auto;\"><\/div><\/p>\n<p style=\"text-align: justify\">Alessandro Casella non sar\u00e0 al via del Rally Tuscan Rewind in programma venerd\u00ec 20 e sabato 21 sugli sterrati della provincia di Siena.\u00a0 Il driver di CST Sport \u00e8 costretto a rinunciare alla sfida finale per il titolo tricolore 2Ruote Motrici, dove \u00e8 leader in classifica ex aequo con Campanaro, poich\u00e9 ancora impossibilitato a lasciare il luogo di residenza dopo essere risultato positivo al covid nelle scorse settimane.<div id=\"videoincontent\" style=\"clear:both\";><\/div><\/p>\n<p style=\"text-align: justify\">Una rinuncia certamente amara per il pilota di Piraino, che insieme al co-driver Rosario Siragusano \u00e8 in vetta al Campionato Italiano Rally 2 Ruote Motrici, dopo una esaltante stagione al volante della Peugeot 208 R2 curata da MS Sport Munaretto.<img loading=\"lazy\" class=\" wp-image-49325 alignright\" src=\"https:\/\/www.messinaoggi.it\/website\/wp-content\/uploads\/2020\/11\/casella_valtiberina-300x200.jpg\" alt=\"\" width=\"450\" height=\"300\" \/><\/p>\n<p style=\"text-align: justify\">\u201c<em>Certamente l\u2019impossibilit\u00e0 di giocarmi il titolo sul campo e di completare la proficua stagione d\u2019apprendistato nella massima serie tricolore mi lascia molto deluso, ma occorre rispettare e norme ed il lato assolutamente positivo \u00e8 quello che a parte qualche linea di febbre non ho avuto problemi di salute<\/em> &#8211; spiega Casella &#8211; <em>l\u2019ultima gara in calendario, oltre che importante ai fini della classifica, lo era per noi per proseguire l\u2019apprendistato su terra. CST Sport i partner ed MS Munaretto ci sostengono ed in ogni modo fanno sentire la propria vicinanza, soprattutto parlando gi\u00e0 di 2021, quando speriamo di lasciarci tutti alle spalle un periodo molto difficile\u201d.<\/em><\/p>\n","protected":false},"excerpt":{"rendered":"<p>Il driver\u00a0 messinese di CST Sport costretto a casa deve rinunciare al rush finale per il titolo 2 Ruote Motrici per rispetto delle norme anti covid Alessandro Casella non sar\u00e0 al via del Rally Tuscan Rewind in programma venerd\u00ec 20 e sabato 21 sugli sterrati della provincia di Siena.\u00a0 Il driver di CST Sport \u00e8 [&hellip;]<\/p>\n","protected":false},"author":17,"featured_media":49324,"comment_status":"closed","ping_status":"closed","sticky":false,"template":"","format":"standard","meta":{"ub_ctt_via":"","_mi_skip_tracking":false},"categories":[8,9],"tags":[437,438],"featured_image_src":"https:\/\/www.messinaoggi.it\/website\/wp-content\/uploads\/2020\/11\/casella_e_la_peugeot.jpg","author_info":{"display_name":"Giuseppe Luppino","author_link":"https:\/\/www.messinaoggi.it\/website\/author\/g-luppino\/"},"digistream_id":0,"digistream":false,"_links":{"self":[{"href":"https:\/\/www.messinaoggi.it\/website\/wp-json\/wp\/v2\/posts\/49323"}],"collection":[{"href":"https:\/\/www.messinaoggi.it\/website\/wp-json\/wp\/v2\/posts"}],"about":[{"href":"https:\/\/www.messinaoggi.it\/website\/wp-json\/wp\/v2\/types\/post"}],"author":[{"embeddable":true,"href":"https:\/\/www.messinaoggi.it\/website\/wp-json\/wp\/v2\/users\/17"}],"replies":[{"embeddable":true,"href":"https:\/\/www.messinaoggi.it\/website\/wp-json\/wp\/v2\/comments?post=49323"}],"version-history":[{"count":0,"href":"https:\/\/www.messinaoggi.it\/website\/wp-json\/wp\/v2\/posts\/49323\/revisions"}],"wp:featuredmedia":[{"embeddable":true,"href":"https:\/\/www.messinaoggi.it\/website\/wp-json\/wp\/v2\/media\/49324"}],"wp:attachment":[{"href":"https:\/\/www.messinaoggi.it\/website\/wp-json\/wp\/v2\/media?parent=49323"}],"wp:term":[{"taxonomy":"category","embeddable":true,"href":"https:\/\/www.messinaoggi.it\/website\/wp-json\/wp\/v2\/categories?post=49323"},{"taxonomy":"post_tag","embeddable":true,"href":"https:\/\/www.messinaoggi.it\/website\/wp-json\/wp\/v2\/tags?post=49323"}],"curies":[{"name":"wp","href":"https:\/\/api.w.org\/{rel}","templated":true}]}}