{"id":49286,"date":"2020-11-19T11:56:50","date_gmt":"2020-11-19T10:56:50","guid":{"rendered":"https:\/\/www.messinaoggi.it\/website\/?p=49286"},"modified":"2020-11-19T11:56:50","modified_gmt":"2020-11-19T10:56:50","slug":"covid-mli-a-de-luca-gravissimo-che-comune-e-asp-non-dialogano-urgono-spiegazioni","status":"publish","type":"post","link":"https:\/\/www.messinaoggi.it\/website\/2020\/11\/19\/covid-mli-a-de-luca-gravissimo-che-comune-e-asp-non-dialogano-urgono-spiegazioni\/","title":{"rendered":"Covid, Mli a De Luca: &quot;Gravissimo che Comune e Asp non dialogano. Urgono spiegazioni&quot;"},"content":{"rendered":"<p>\u201cCome pu\u00f2 accadere che, in un momento cos\u00ec grave e pericoloso per la popolazione messinese, due delle principali Istituzioni locali, il comune di Messina e la sua Asp, non abbiamo dialogato adeguatamente per ben nove mesi?\u201d. A chiederselo \u00e8 il capogruppo del Movimento Liberi Insieme, Roberto Cerreti, ritenendo gravi le recenti dichiarazioni del sindaco Cateno De Luca, secondo cui, in piena pandemia da coronavirus, &#8220;i dati in possesso della sanit\u00e0 messinese non sono aggiornati e non tengono conto della situazione attuale dei contagi registrati tra gli alunni dei diversi istituti scolastici&#8221;, cos\u00ec come evidenziato da Cerreti.<br \/>\n<strong>&#8220;Grave quanto accaduto&#8221;.<\/strong> &#8220;Rimaniamo preoccupati ed esterrefatti circa quanto sta emergendo dalla stampa e dalle sue dichiarazioni sulle inadempienze o imprecisioni nell&#8217;azione dell&#8217;ASP di Messina. &#8211; dichiara Cerreti rivolgendosi a De Luca &#8211; Di fatto, veniamo a conoscenza, dopo nove mesi di pandemia, che la nostra Azienda sanitaria non solo non avrebbe un &#8216;piano di screening della popolazione scolastica&#8217;, ma cosa pi\u00f9 grave, secondo quanto da lei dichiarato, i dati in possesso della sanit\u00e0 messinese non sono aggiornati e non tengono conto della situazione attuale dei contagi registrati tra gli alunni dei diversi istituti scolastici. Capir\u00e0 bene la gravit\u00e0 di quanto emerge dalle sue dichiarazioni, perch\u00e9 se da un lato \u00e8 vero che si \u00e8 ripromesso di far giungere all&#8217;Asp i dati circa i contagi registrati tra gli studenti alla poco aggiornata struttura sanitaria, dall&#8217;altro viene da chiedersi e le domandiamo: &#8216;come pu\u00f2 accadere che, in un momento cos\u00ec grave e pericoloso per la popolazione messinese, due delle principali Istituzioni locali, il comune di Messina e la sua Asp, non abbiamo dialogato adeguatamente per ben nove mesi?\u201d.<br \/>\n<strong>&#8220;Serve una risposta immediata&#8221;.<\/strong> &#8220;Tutto questo fa emergere un&#8217;assenza di comunicazione che sciaguratamente rischia gi\u00e0 di aver danneggiato il quieto vivere sociale e non solo dei messinesi, con un Azienda sanitaria non messa nelle condizioni di poter assolvere al meglio le proprie funzioni, ivi compresa quella preventiva, che avrebbe anche potuta condurla a suggerire la sospensione dell&#8217;attivit\u00e0 didattica nelle scuole elementari e nelle prime e seconde medie in via preventiva ed eccezionale. Da quanto sopra, capir\u00e0 bene che noi tutti meritiamo una risposta oltre all&#8217;immediata attivazione delle giuste sinergie tra Istituzioni e l&#8217;attivazione di un piano di screening aggiornato sulla popolazione scolastica, e questo lo chiediamo da cittadini e da genitori, consapevoli che nella situazione in cui ci troviamo non \u00e9 sicuramente \u201cl&#8217;ora in pi\u00f9 o in meno\u201d di apertura dei locali commerciali o \u201cil suo improvvisato e proposto lockdown\u201d serale che pu\u00f2 bloccare il veicolarsi di un virus tanto insidioso e purtroppo presente anche sul nostro territorio, ma, piuttosto, la pianificazione condivisa di strategie preventive tra Istituzioni e soprattutto i controlli durante la giornata, che a nostro avviso, non sempre risultano adeguati per la situazione che stiamo vivendo.<br \/>\n&#8220;Ci auguriamo signor sindaco, che sappia cogliere la nostra missiva, come un momento di riflessione da parte di cittadini e genitori messinesi preoccupati e non come una provocazione politica in un momento in cui noi riteniamo bisogna tentare di stare tutti uniti, al di l\u00e0 di qualsiasi bandiera, appartenenza partitica, voglia propagandistica o populistica, esclusivamente per il bene di Messina, della Sicilia e del nostro paese&#8221;.<div id=\"div-gpt-ad-Messinaoggi.it-DSK-300x250-corpoart\" style=\"text-align:center;margin:0 auto;\"><\/div><\/p>\n<div id=\"videoincontent\" style=\"clear:both\";><\/div>","protected":false},"excerpt":{"rendered":"<p>\u201cCome pu\u00f2 accadere che, in un momento cos\u00ec grave e pericoloso per la popolazione messinese, due delle principali Istituzioni locali, il comune di Messina e la sua Asp, non abbiamo dialogato adeguatamente per ben nove mesi?\u201d. A chiederselo \u00e8 il capogruppo del Movimento Liberi Insieme, Roberto Cerreti, ritenendo gravi le recenti dichiarazioni del sindaco Cateno [&hellip;]<\/p>\n","protected":false},"author":8,"featured_media":36137,"comment_status":"closed","ping_status":"closed","sticky":false,"template":"","format":"standard","meta":{"ub_ctt_via":"","_mi_skip_tracking":false},"categories":[221],"tags":[],"featured_image_src":"https:\/\/www.messinaoggi.it\/website\/wp-content\/uploads\/2019\/08\/Palazzo-Zanca.jpg","author_info":{"display_name":"red..me","author_link":"https:\/\/www.messinaoggi.it\/website\/author\/redstage\/"},"digistream_id":0,"digistream":false,"_links":{"self":[{"href":"https:\/\/www.messinaoggi.it\/website\/wp-json\/wp\/v2\/posts\/49286"}],"collection":[{"href":"https:\/\/www.messinaoggi.it\/website\/wp-json\/wp\/v2\/posts"}],"about":[{"href":"https:\/\/www.messinaoggi.it\/website\/wp-json\/wp\/v2\/types\/post"}],"author":[{"embeddable":true,"href":"https:\/\/www.messinaoggi.it\/website\/wp-json\/wp\/v2\/users\/8"}],"replies":[{"embeddable":true,"href":"https:\/\/www.messinaoggi.it\/website\/wp-json\/wp\/v2\/comments?post=49286"}],"version-history":[{"count":0,"href":"https:\/\/www.messinaoggi.it\/website\/wp-json\/wp\/v2\/posts\/49286\/revisions"}],"wp:featuredmedia":[{"embeddable":true,"href":"https:\/\/www.messinaoggi.it\/website\/wp-json\/wp\/v2\/media\/36137"}],"wp:attachment":[{"href":"https:\/\/www.messinaoggi.it\/website\/wp-json\/wp\/v2\/media?parent=49286"}],"wp:term":[{"taxonomy":"category","embeddable":true,"href":"https:\/\/www.messinaoggi.it\/website\/wp-json\/wp\/v2\/categories?post=49286"},{"taxonomy":"post_tag","embeddable":true,"href":"https:\/\/www.messinaoggi.it\/website\/wp-json\/wp\/v2\/tags?post=49286"}],"curies":[{"name":"wp","href":"https:\/\/api.w.org\/{rel}","templated":true}]}}