{"id":4923,"date":"2017-07-17T11:59:35","date_gmt":"2017-07-17T09:59:35","guid":{"rendered":"http:\/\/www.messinaoggi.it\/website\/?p=4923"},"modified":"2017-07-17T11:59:35","modified_gmt":"2017-07-17T09:59:35","slug":"rai-movie-diventa-partner-di-marefestival","status":"publish","type":"post","link":"https:\/\/www.messinaoggi.it\/website\/2017\/07\/17\/rai-movie-diventa-partner-di-marefestival\/","title":{"rendered":"Rai Movie diventa partner di Marefestival"},"content":{"rendered":"<p style=\"text-align: justify\">Ancora poche ore e poi sar\u00e0 nuovamente Marefestival. Da quest\u2019anno la kermesse cinematografica, giunta alla sua VI edizione, \u00a0che a partire da mercoled\u00ec, e fino\u00a0 a\u00a0 domenica,\u00a0 animer\u00e0 le giornate sull\u2019incantevole isola di Salina, si avvarr\u00e0 del partneriato di Rai Movie. \u00a0Il \u00a0canale del cinema dedicher\u00e0 ampio spazio ai momenti pi\u00f9 significativi della kermesse, che domani aprir\u00e0\u00a0 con un\u2019anteprima a Milazzo, \u00a0\u00a0pronta a ospitare diversi artisti, tra cui\u00a0<strong>Alessandro Haber, Sabrina Impacciatore, Edoardo Leo, Ezio Greggio, Barbora Bobulova<\/strong>,\u00a0<strong>Francesca Reggiani,\u00a0Ninni Bruschetta, I Soldi Spicci e \u00a0Catena Fiorello<\/strong>.<div id=\"div-gpt-ad-Messinaoggi.it-DSK-300x250-corpoart\" style=\"text-align:center;margin:0 auto;\"><\/div><\/p>\n<p style=\"text-align: justify\"><img loading=\"lazy\" class=\"alignnone size-medium wp-image-4925\" src=\"http:\/\/www.messinaoggi.it\/website\/wp-content\/uploads\/2017\/07\/logo-rai-movie-300x108.jpg\" alt=\"\" width=\"300\" height=\"108\" \/><div id=\"videoincontent\" style=\"clear:both\";><\/div><\/p>\n<p style=\"text-align: justify\">&#8220;Una scommessa fatta sei anni fa &#8211; commenta il direttore artistico Massimiliano Cavaleri &#8211; quando abbiamo ideato la manifestazione e poi istituito, insieme con la nostra madrina\u00a0<strong>Maria Grazia Cucinotta<\/strong>, il Premio in ricordo di\u00a0<strong>Massimo Troisi\u00a0<\/strong>che sull&#8217;isola gir\u00f2 un capolavoro come ll Postino, uno dei film italiani pi\u00f9 visti e amati nel mondo. E&#8217; importante poter contare sulla preziosa collaborazione della RAI e del team di RaiMovie e dare visibilit\u00e0 ai contenuti del Festival e all&#8217;arcipelago eoliano, patrimonio UNESCO, legato indissolubilmente al grande schermo, da Roberto Rossellini a Nanni Moretti&#8221;.<\/p>\n<p style=\"text-align: justify\">Con una media di 12 film al giorno, proposti 24 ore su 24, Rai Movie \u00e8 la rete televisiva di riferimento per chi ama il cinema:\u00a0rivolta ad un pubblico eterogeneo e declinata settimanalmente per temi, si articola in cicli con una programmazione serale capace di offrire generi da riscoprire come il western,\u00a0 drammatico, commedia e thriller, vetrine fisse sul cinema italiano ed europeo, rassegne dedicate al cinema di impegno civile, ai temi di attualit\u00e0 o ai classici.\u00a0Rai Movie utilizza i profili social del canale e il sito internet, come parti integranti della programmazione, per costruire attorno alla rete una community partecipe di appassionati.<\/p>\n<p>MareFestival \u00e8 promosso dall&#8217;associazione culturale Prima Sicilia e organizzato da\u00a0<strong>Patrizia Casale<\/strong>\u00a0e\u00a0<strong>Francesco Cappello<\/strong>.\u00a0Il programma dettagliato \u00e8 disponibile sul sito\u00a0<a href=\"http:\/\/www.marefestivalsalina.it\/\">www.marefestivalsalina.it<\/a>.<\/p>\n<p style=\"text-align: justify\">E allora che lo show abbia inizio!<\/p>\n<p> <\/p>\n","protected":false},"excerpt":{"rendered":"<p>Ancora poche ore e poi sar\u00e0 nuovamente Marefestival. Da quest\u2019anno la kermesse cinematografica, giunta alla sua VI edizione, \u00a0che a partire da mercoled\u00ec, e fino\u00a0 a\u00a0 domenica,\u00a0 animer\u00e0 le giornate sull\u2019incantevole isola di Salina, si avvarr\u00e0 del partneriato di Rai Movie. \u00a0Il \u00a0canale del cinema dedicher\u00e0 ampio spazio ai momenti pi\u00f9 significativi della kermesse, che [&hellip;]<\/p>\n","protected":false},"author":5,"featured_media":4926,"comment_status":"closed","ping_status":"open","sticky":false,"template":"","format":"standard","meta":{"ub_ctt_via":"","_mi_skip_tracking":false},"categories":[17],"tags":[],"featured_image_src":"https:\/\/www.messinaoggi.it\/website\/wp-content\/uploads\/2017\/07\/Veronesi-Dillon-Cavaleri-Curreri-2.jpg","author_info":{"display_name":"Maria Antonella Saia","author_link":"https:\/\/www.messinaoggi.it\/website\/author\/m-saia\/"},"digistream_id":0,"digistream":false,"_links":{"self":[{"href":"https:\/\/www.messinaoggi.it\/website\/wp-json\/wp\/v2\/posts\/4923"}],"collection":[{"href":"https:\/\/www.messinaoggi.it\/website\/wp-json\/wp\/v2\/posts"}],"about":[{"href":"https:\/\/www.messinaoggi.it\/website\/wp-json\/wp\/v2\/types\/post"}],"author":[{"embeddable":true,"href":"https:\/\/www.messinaoggi.it\/website\/wp-json\/wp\/v2\/users\/5"}],"replies":[{"embeddable":true,"href":"https:\/\/www.messinaoggi.it\/website\/wp-json\/wp\/v2\/comments?post=4923"}],"version-history":[{"count":0,"href":"https:\/\/www.messinaoggi.it\/website\/wp-json\/wp\/v2\/posts\/4923\/revisions"}],"wp:featuredmedia":[{"embeddable":true,"href":"https:\/\/www.messinaoggi.it\/website\/wp-json\/wp\/v2\/media\/4926"}],"wp:attachment":[{"href":"https:\/\/www.messinaoggi.it\/website\/wp-json\/wp\/v2\/media?parent=4923"}],"wp:term":[{"taxonomy":"category","embeddable":true,"href":"https:\/\/www.messinaoggi.it\/website\/wp-json\/wp\/v2\/categories?post=4923"},{"taxonomy":"post_tag","embeddable":true,"href":"https:\/\/www.messinaoggi.it\/website\/wp-json\/wp\/v2\/tags?post=4923"}],"curies":[{"name":"wp","href":"https:\/\/api.w.org\/{rel}","templated":true}]}}