{"id":49190,"date":"2020-11-16T16:10:45","date_gmt":"2020-11-16T15:10:45","guid":{"rendered":"https:\/\/www.messinaoggi.it\/website\/?p=49190"},"modified":"2020-11-16T16:10:45","modified_gmt":"2020-11-16T15:10:45","slug":"gioveni-perdite-del-95-la-categoria-dei-tassisti-verra-aiutata","status":"publish","type":"post","link":"https:\/\/www.messinaoggi.it\/website\/2020\/11\/16\/gioveni-perdite-del-95-la-categoria-dei-tassisti-verra-aiutata\/","title":{"rendered":"Gioveni: &quot;Perdite del 95%, la categoria dei tassisti verr\u00e0 aiutata&quot;"},"content":{"rendered":"<p>La I Commissione consiliare, presieduta dal consigliere Libero Gioveni, ha ascoltato la categoria dei tassisti rappresentati dal presidente regionale del Sindacato italiano libero trasporti) Massimiliano Vita e da Paolo Amoroso in rappresentanza dei Liberi Tassisti di Messina.<br \/>\n\u201cNel corso del dibattito \u2013 ha spiegato Gioveni \u2013 sono venuti fuori tutti i dati della crisi nel settore che opera in citt\u00e0 da 40 anni, con il 95% di perdita di lavoro a seguito dell\u2019emergenza Covid. I rappresentanti dei tassisti \u2013 ha proseguito il presidente \u2013 hanno evidenziato che la maggior parte della loro attivit\u00e0 proveniva dalle navi da crociera che danno lavoro all\u2019intera categoria che a Messina raggiunge il numero di 102 lavoratori su 984 totali in tutta la Sicilia. Tuttavia, nel verificare i codici Ateco del Decreto Ristori che godranno dei benefici economici si \u00e8 potuto appurare che il loro (493210) relativo al trasporto Taxi \u00e8 contemplato, per cui anche gli aiuti economici del Comune previsti dalla delibera votata venerd\u00ec scorso riguarderanno anche questa categoria.<br \/>\nInfine \u2013 ha concluso Gioveni \u2013 la Commissione si \u00e8 determinata nel redigere un documento rivolto all\u2019Amministrazione che sar\u00e0 approvato luned\u00ec prossimo, con il quale si chieder\u00e0 di attivare anche convenzioni che consentano alla categoria dei tassisti di offrire le loro prestazioni lavorative a copertura o a garanzia di tanti altri servizi rivolti alla cittadinanza\u201d.<div id=\"div-gpt-ad-Messinaoggi.it-DSK-300x250-corpoart\" style=\"text-align:center;margin:0 auto;\"><\/div><\/p>\n<div id=\"videoincontent\" style=\"clear:both\";><\/div>","protected":false},"excerpt":{"rendered":"<p>La I Commissione consiliare, presieduta dal consigliere Libero Gioveni, ha ascoltato la categoria dei tassisti rappresentati dal presidente regionale del Sindacato italiano libero trasporti) Massimiliano Vita e da Paolo Amoroso in rappresentanza dei Liberi Tassisti di Messina. \u201cNel corso del dibattito \u2013 ha spiegato Gioveni \u2013 sono venuti fuori tutti i dati della crisi nel [&hellip;]<\/p>\n","protected":false},"author":4,"featured_media":11600,"comment_status":"closed","ping_status":"closed","sticky":false,"template":"","format":"standard","meta":{"ub_ctt_via":"","_mi_skip_tracking":false},"categories":[5],"tags":[],"featured_image_src":"https:\/\/www.messinaoggi.it\/website\/wp-content\/uploads\/2017\/11\/taxi.jpg","author_info":{"display_name":"redme","author_link":"https:\/\/www.messinaoggi.it\/website\/author\/redme\/"},"digistream_id":0,"digistream":false,"_links":{"self":[{"href":"https:\/\/www.messinaoggi.it\/website\/wp-json\/wp\/v2\/posts\/49190"}],"collection":[{"href":"https:\/\/www.messinaoggi.it\/website\/wp-json\/wp\/v2\/posts"}],"about":[{"href":"https:\/\/www.messinaoggi.it\/website\/wp-json\/wp\/v2\/types\/post"}],"author":[{"embeddable":true,"href":"https:\/\/www.messinaoggi.it\/website\/wp-json\/wp\/v2\/users\/4"}],"replies":[{"embeddable":true,"href":"https:\/\/www.messinaoggi.it\/website\/wp-json\/wp\/v2\/comments?post=49190"}],"version-history":[{"count":0,"href":"https:\/\/www.messinaoggi.it\/website\/wp-json\/wp\/v2\/posts\/49190\/revisions"}],"wp:featuredmedia":[{"embeddable":true,"href":"https:\/\/www.messinaoggi.it\/website\/wp-json\/wp\/v2\/media\/11600"}],"wp:attachment":[{"href":"https:\/\/www.messinaoggi.it\/website\/wp-json\/wp\/v2\/media?parent=49190"}],"wp:term":[{"taxonomy":"category","embeddable":true,"href":"https:\/\/www.messinaoggi.it\/website\/wp-json\/wp\/v2\/categories?post=49190"},{"taxonomy":"post_tag","embeddable":true,"href":"https:\/\/www.messinaoggi.it\/website\/wp-json\/wp\/v2\/tags?post=49190"}],"curies":[{"name":"wp","href":"https:\/\/api.w.org\/{rel}","templated":true}]}}