{"id":4912,"date":"2017-07-17T08:33:19","date_gmt":"2017-07-17T06:33:19","guid":{"rendered":"http:\/\/www.messinaoggi.it\/website\/?p=4912"},"modified":"2017-07-17T08:33:19","modified_gmt":"2017-07-17T06:33:19","slug":"accoglienza-migranti-a-castellumberto-mancuso-ap-i-sindaci-non-possono-essere-esclusi-dai-processi-decisionali","status":"publish","type":"post","link":"https:\/\/www.messinaoggi.it\/website\/2017\/07\/17\/accoglienza-migranti-a-castellumberto-mancuso-ap-i-sindaci-non-possono-essere-esclusi-dai-processi-decisionali\/","title":{"rendered":"Mancuso (AP): \u201cI sindaci non vanno esclusi dai processi decisionali sui migranti\u201d"},"content":{"rendered":"<p style=\"text-align: justify;\" align=\"LEFT\"><span style=\"color: #000000;\">\u201c<span style=\"font-family: 'Times New Roman', serif;\"><span style=\"font-size: medium;\">I sindaci non possono essere esclusi dai processi decisionali sull&#8217;accoglienza dei migranti poich\u00e9 rappresentano i territori e le comunit\u00e0 che ne fanno parte, ne conoscono limiti e debolezze, sono interpreti e catalizzatori degli umori e delle volont\u00e0 della gente\u201d. Lo afferma il senatore di Alternativa Popolare, Bruno Mancuso, in riferimento al recente sbarco di cinquanta migranti a Castell&#8217;Umberto, difendendo pertanto il sindaco Vincenzo Lionetta Civa, sin da subito contrario quest&#8217;ultimo all&#8217;accoglienza dei profughi presso le strutture alberghiere del comune.<\/span><\/span><\/span><div id=\"div-gpt-ad-Messinaoggi.it-DSK-300x250-corpoart\" style=\"text-align:center;margin:0 auto;\"><\/div><\/p>\n<p style=\"text-align: justify;\" align=\"LEFT\"><span style=\"color: #000000;\">\u201c<span style=\"font-family: 'Times New Roman', serif;\"><span style=\"font-size: medium;\">Lo Stato \u2013 continua Mancuso \u2013 con i suoi rappresentanti ha dunque il preciso dovere di coinvolgere i sindaci e le amministrazioni locali, che possono contribuire a fronteggiare l&#8217;emergenza attraverso idonee strutture, e le realt\u00e0 associative e di volontariato presenti nei Comuni. Si ha la sensazione piuttosto che i Prefetti vogliano affrontare l&#8217;emergenza con provvedimenti autoritari e sbrigativi, spinti dall&#8217;urgenza di risolvere velocemente questioni delicatissime sul piano umanitario e forti di accordi precostituiti in sede governativa con altri livelli organizzativi, come l&#8217;ANCI, che rappresenta i comuni nei tavoli istituzionali che esulano dalle decisioni sull&#8217;accoglienza e la logistica che afferiscono, invece, ad un livello di rappresentanza prettamente locale\u201d. <\/span><\/span><\/span><div id=\"videoincontent\" style=\"clear:both\";><\/div><\/p>\n<p style=\"text-align: justify;\" align=\"LEFT\"><span style=\"color: #000000;\"><span style=\"font-family: 'Times New Roman', serif;\"><span style=\"font-size: medium;\">Sotto il mirino delle critiche di Mancuso finiscono anche le strutture private impegnate ad ospitare i migranti: \u201cSi alimenta inoltre l&#8217;appetito dei titolari di strutture private che, annusando il business dei migranti, mettono a disposizione strutture di ogni tipo, sottraendo ai Sindaci le valutazioni sotto il profilo dell&#8217;idoneit\u00e0 strutturale, urbanistica e socio-ambientale\u201d.<\/span><\/span><\/span><\/p>\n<p style=\"text-align: justify;\" align=\"LEFT\"><span style=\"color: #000000;\">\u201c<span style=\"font-size: medium;\"><span style=\"font-family: 'Times New Roman', serif;\">Ci rendiamo conto \u2013 conclude il senatore \u2013 della delicatezza della questione e sarebbe opportuno usare la dovuta prudenza nel giudicare l&#8217;operato dei sindaci nebroidei che si sono riuniti in coordinamento non per negare accoglienza ma per essere affiancati dal Prefetto di Messina per un\u2019organizzazione migliore di modi, tempi, numeri, sedi e di quanto necessario per rendere sostenibile dalle comunit\u00e0 locali l&#8217;ospitalit\u00e0 che sono chiamati a prestare\u201d.<\/span><\/span><\/span><\/p>\n","protected":false},"excerpt":{"rendered":"<p>\u201cI sindaci non possono essere esclusi dai processi decisionali sull&#8217;accoglienza dei migranti poich\u00e9 rappresentano i territori e le comunit\u00e0 che ne fanno parte, ne conoscono limiti e debolezze, sono interpreti e catalizzatori degli umori e delle volont\u00e0 della gente\u201d. Lo afferma il senatore di Alternativa Popolare, Bruno Mancuso, in riferimento al recente sbarco di cinquanta [&hellip;]<\/p>\n","protected":false},"author":10,"featured_media":1977,"comment_status":"closed","ping_status":"open","sticky":false,"template":"","format":"standard","meta":{"ub_ctt_via":"","_mi_skip_tracking":false},"categories":[6],"tags":[],"featured_image_src":"https:\/\/www.messinaoggi.it\/website\/wp-content\/uploads\/2017\/06\/Mancuso-Bruno-Papandrea-2.jpg","author_info":{"display_name":"Paolo Mustica","author_link":"https:\/\/www.messinaoggi.it\/website\/author\/p-mustica\/"},"digistream_id":0,"digistream":false,"_links":{"self":[{"href":"https:\/\/www.messinaoggi.it\/website\/wp-json\/wp\/v2\/posts\/4912"}],"collection":[{"href":"https:\/\/www.messinaoggi.it\/website\/wp-json\/wp\/v2\/posts"}],"about":[{"href":"https:\/\/www.messinaoggi.it\/website\/wp-json\/wp\/v2\/types\/post"}],"author":[{"embeddable":true,"href":"https:\/\/www.messinaoggi.it\/website\/wp-json\/wp\/v2\/users\/10"}],"replies":[{"embeddable":true,"href":"https:\/\/www.messinaoggi.it\/website\/wp-json\/wp\/v2\/comments?post=4912"}],"version-history":[{"count":0,"href":"https:\/\/www.messinaoggi.it\/website\/wp-json\/wp\/v2\/posts\/4912\/revisions"}],"wp:featuredmedia":[{"embeddable":true,"href":"https:\/\/www.messinaoggi.it\/website\/wp-json\/wp\/v2\/media\/1977"}],"wp:attachment":[{"href":"https:\/\/www.messinaoggi.it\/website\/wp-json\/wp\/v2\/media?parent=4912"}],"wp:term":[{"taxonomy":"category","embeddable":true,"href":"https:\/\/www.messinaoggi.it\/website\/wp-json\/wp\/v2\/categories?post=4912"},{"taxonomy":"post_tag","embeddable":true,"href":"https:\/\/www.messinaoggi.it\/website\/wp-json\/wp\/v2\/tags?post=4912"}],"curies":[{"name":"wp","href":"https:\/\/api.w.org\/{rel}","templated":true}]}}