{"id":49109,"date":"2020-11-15T10:00:02","date_gmt":"2020-11-15T09:00:02","guid":{"rendered":"https:\/\/www.messinaoggi.it\/website\/?p=49109"},"modified":"2020-11-15T10:00:02","modified_gmt":"2020-11-15T09:00:02","slug":"basket-justmary-messina-acquisisce-a-titolo-definitivo-il-maliano-moussa-diakite","status":"publish","type":"post","link":"https:\/\/www.messinaoggi.it\/website\/2020\/11\/15\/basket-justmary-messina-acquisisce-a-titolo-definitivo-il-maliano-moussa-diakite\/","title":{"rendered":"BASKET &#8211; JustMary Messina acquisisce a titolo definitivo il maliano Moussa Diakite"},"content":{"rendered":"<h6 class=\"western\" style=\"margin: 0cm;margin-bottom: .0001pt;text-align: justify;line-height: 18.0pt;background: white\"><em><strong><span style=\"font-family: 'Arial','sans-serif';color: black\">Il forte 2002 maliano \u00e8 stato convocato in U18 per Afrobasket 2020<\/span><\/strong><\/em><\/h6>\n<p class=\"western\" style=\"margin: 0cm;margin-bottom: .0001pt;text-align: justify;line-height: 18.0pt;background: white\"><span style=\"font-family: 'Arial','sans-serif';color: black\">\u00a0<\/span><div id=\"div-gpt-ad-Messinaoggi.it-DSK-300x250-corpoart\" style=\"text-align:center;margin:0 auto;\"><\/div><\/p>\n<p class=\"western\" style=\"margin: 0cm;margin-bottom: .0001pt;text-align: justify;line-height: 18.0pt;background: white\"><span style=\"font-family: 'Arial','sans-serif';color: black\">La\u00a0<span style=\"font-family: 'Arial','sans-serif'\">JustMary Messina<\/span>\u00a0rende noto, nell&#8217;ambito della programmazione del proprio futuro, di aver acquisito a titolo definitivo i diritti alle prestazioni sportive dell&#8217;atleta\u00a0<span style=\"font-family: 'Arial','sans-serif'\">Moussa Diakite<\/span>.<\/span><div id=\"videoincontent\" style=\"clear:both\";><\/div><\/p>\n<p class=\"western\" style=\"margin: 0cm;margin-bottom: .0001pt;text-align: justify;line-height: 18.0pt;background: white\"><span style=\"font-family: 'Arial','sans-serif';color: black\">Il giocatore classe\u00a0<span style=\"font-family: 'Arial','sans-serif'\">2002<\/span>\u00a0ha subito impressionato per doti tecniche e caratteriali e la societ\u00e0 ha deciso di investire sul giovane prospetto maliano.<\/span><\/p>\n<p> <\/p>\n<p class=\"western\" style=\"margin: 0cm;margin-bottom: .0001pt;text-align: justify;line-height: 18.0pt;background: white\"><span style=\"font-family: 'Arial','sans-serif';color: black\">Diakite<\/span><span style=\"font-family: 'Arial','sans-serif';color: black\">, dopo le esperienze nella nazionale\u00a0<span style=\"font-family: 'Arial','sans-serif'\">Under 17<\/span>, \u00e8 stato convocato in\u00a0<span style=\"font-family: 'Arial','sans-serif'\">Under 18<\/span>\u00a0dalla federazione del\u00a0<span style=\"font-family: 'Arial','sans-serif'\">Mali<\/span>\u00a0per la preparazione ad\u00a0<span style=\"font-family: 'Arial','sans-serif'\">AfroBasket<\/span>, il torneo africano di pallacanestro la cui fase finale si svolger\u00e0 al\u00a0<span style=\"font-family: 'Arial','sans-serif'\">Il<\/span>\u00a0<span style=\"font-family: 'Arial','sans-serif'\">Cairo<\/span>\u00a0in\u00a0<span style=\"font-family: 'Arial','sans-serif'\">Egitto<\/span>\u00a0dal 1 al 10 dicembre 2020. Gli allenamenti della nazionale si svolgeranno a Bamako, capitale del\u00a0<span style=\"font-family: 'Arial','sans-serif'\">Mali<\/span>, dal 19 al 28 novembre.<\/span><\/p>\n<p class=\"western\" style=\"margin: 0cm;margin-bottom: .0001pt;text-align: justify;line-height: 18.0pt;background: white\"><span style=\"font-family: 'Arial','sans-serif';color: black\">Soddisfazione per il riconoscimento \u00e8 stata espressa dalla dirigenza peloritana che sta valutando l\u2019evolversi della situazione relativa al Covid, conscia che la possibile chiusura delle frontiere renderebbe complicato un futuro rientro in Italia dell\u2019atleta che in caso di risposta alla convocazione dovrebbe attraversare diversi paesi attraverso scali aeroportuali.<\/span><\/p>\n<p> <\/p>\n<p class=\"western\" style=\"margin: 0cm;margin-bottom: .0001pt;text-align: justify;line-height: 18.0pt;background: white\"><span style=\"font-family: 'Arial','sans-serif';color: black\">\u201cP<em><span style=\"font-family: 'Arial','sans-serif'\">enso che sia l&#8217;inizio di qualcosa di grande<\/span><\/em>\u00a0\u2013 ha dichiarato\u00a0<span style=\"font-family: 'Arial','sans-serif'\">Diakite<\/span>\u00a0in relazione alla sua acquisizione da parte della\u00a0<span style=\"font-family: 'Arial','sans-serif'\">JustMary<\/span>\u00a0<span style=\"font-family: 'Arial','sans-serif'\">Messina<\/span>\u00a0&#8211;\u00a0<em><span style=\"font-family: 'Arial','sans-serif'\">era un&#8217;opportunit\u00e0 da non perdere quindi l&#8217;ho colta. A Messina posso realizzare i miei sogni relativi al basket messinese perch\u00e9 sono a contatto con uno staff laborioso e ambizioso, mi vedo proiettato a crescere con loro in futuro. Sono molto felice di questa convocazione da parte del mio paese per AfroBasket 2020 in Egitto, se presente, rappresenter\u00f2 i colori della bandiera del Mali e anche di Messina. Questo contributo \u00e8 il minimo che potrei fare per contribuire allo sviluppo dal mio paese, torner\u00f2 campione!<\/span><\/em>\u201d<\/span><\/p>\n","protected":false},"excerpt":{"rendered":"<p>Il forte 2002 maliano \u00e8 stato convocato in U18 per Afrobasket 2020 \u00a0 La\u00a0JustMary Messina\u00a0rende noto, nell&#8217;ambito della programmazione del proprio futuro, di aver acquisito a titolo definitivo i diritti alle prestazioni sportive dell&#8217;atleta\u00a0Moussa Diakite. Il giocatore classe\u00a02002\u00a0ha subito impressionato per doti tecniche e caratteriali e la societ\u00e0 ha deciso di investire sul giovane prospetto [&hellip;]<\/p>\n","protected":false},"author":17,"featured_media":49110,"comment_status":"closed","ping_status":"closed","sticky":false,"template":"","format":"standard","meta":{"ub_ctt_via":"","_mi_skip_tracking":false},"categories":[8,9],"tags":[424,430],"featured_image_src":"https:\/\/www.messinaoggi.it\/website\/wp-content\/uploads\/2020\/11\/Moussa-Diakite-JustMary-Messina.jpg","author_info":{"display_name":"Giuseppe Luppino","author_link":"https:\/\/www.messinaoggi.it\/website\/author\/g-luppino\/"},"digistream_id":0,"digistream":false,"_links":{"self":[{"href":"https:\/\/www.messinaoggi.it\/website\/wp-json\/wp\/v2\/posts\/49109"}],"collection":[{"href":"https:\/\/www.messinaoggi.it\/website\/wp-json\/wp\/v2\/posts"}],"about":[{"href":"https:\/\/www.messinaoggi.it\/website\/wp-json\/wp\/v2\/types\/post"}],"author":[{"embeddable":true,"href":"https:\/\/www.messinaoggi.it\/website\/wp-json\/wp\/v2\/users\/17"}],"replies":[{"embeddable":true,"href":"https:\/\/www.messinaoggi.it\/website\/wp-json\/wp\/v2\/comments?post=49109"}],"version-history":[{"count":0,"href":"https:\/\/www.messinaoggi.it\/website\/wp-json\/wp\/v2\/posts\/49109\/revisions"}],"wp:featuredmedia":[{"embeddable":true,"href":"https:\/\/www.messinaoggi.it\/website\/wp-json\/wp\/v2\/media\/49110"}],"wp:attachment":[{"href":"https:\/\/www.messinaoggi.it\/website\/wp-json\/wp\/v2\/media?parent=49109"}],"wp:term":[{"taxonomy":"category","embeddable":true,"href":"https:\/\/www.messinaoggi.it\/website\/wp-json\/wp\/v2\/categories?post=49109"},{"taxonomy":"post_tag","embeddable":true,"href":"https:\/\/www.messinaoggi.it\/website\/wp-json\/wp\/v2\/tags?post=49109"}],"curies":[{"name":"wp","href":"https:\/\/api.w.org\/{rel}","templated":true}]}}