{"id":49044,"date":"2020-11-12T14:41:54","date_gmt":"2020-11-12T13:41:54","guid":{"rendered":"https:\/\/www.messinaoggi.it\/website\/?p=49044"},"modified":"2020-11-12T14:41:54","modified_gmt":"2020-11-12T13:41:54","slug":"posti-aggiuntivi-covid-sopralluogo-di-la-paglia-e-alagna-a-taormina","status":"publish","type":"post","link":"https:\/\/www.messinaoggi.it\/website\/2020\/11\/12\/posti-aggiuntivi-covid-sopralluogo-di-la-paglia-e-alagna-a-taormina\/","title":{"rendered":"Posti aggiuntivi Covid, sopralluogo di La Paglia e Alagna a Taormina"},"content":{"rendered":"<div style=\"color: #000000; font-family: georgia, serif; font-size: 16px; font-style: normal; font-variant-ligatures: normal; font-variant-caps: normal; font-weight: 400; letter-spacing: normal; orphans: 2; text-align: start; text-indent: 0px; text-transform: none; white-space: normal; widows: 2; word-spacing: 0px; -webkit-text-stroke-width: 0px; background-color: #ffffff; text-decoration-style: initial; text-decoration-color: initial;\">Il\u00a0direttore generale dell&#8217;Asp di Messina Paolo La Paglia,\u00a0accompagnato dal\u00a0direttore sanitario Dino Alagna, si \u00e8 recato questa mattina all&#8217;ospedale &#8220;San Vincenzo&#8221; di Taormina per verificare la piena funzionalit\u00e0 dei quattro posti di terapia intensiva gi\u00e0 dedicati alla terapia antalgica, da utilizzare come posti letto aggiuntivi di terapia intensiva per malati Covid.<\/div>\n<div style=\"color: #000000; font-family: georgia, serif; font-size: 16px; font-style: normal; font-variant-ligatures: normal; font-variant-caps: normal; font-weight: 400; letter-spacing: normal; orphans: 2; text-align: start; text-indent: 0px; text-transform: none; white-space: normal; widows: 2; word-spacing: 0px; -webkit-text-stroke-width: 0px; background-color: #ffffff; text-decoration-style: initial; text-decoration-color: initial;\">Al sopralluogo erano presenti il direttore del dipartimento cure ospedaliere Paolo Cardia, il direttore della Uoc Professioni sanitarie Carmelo Spina ed il direttore della Uoc di Anestesia e Rianimazione Giacomo Filoni.<\/div>\n<div style=\"color: #000000; font-family: georgia, serif; font-size: 16px; font-style: normal; font-variant-ligatures: normal; font-variant-caps: normal; font-weight: 400; letter-spacing: normal; orphans: 2; text-align: start; text-indent: 0px; text-transform: none; white-space: normal; widows: 2; word-spacing: 0px; -webkit-text-stroke-width: 0px; background-color: #ffffff; text-decoration-style: initial; text-decoration-color: initial;\">&#8220;Insieme al direttore sanitario Alagna abbiamo voluto verificare che tutto fosse pronto per assistere in terapia intensiva, in caso di necessit\u00e0, malati Covid anche a Taormina; l&#8217;Assessore della Salute Ruggero Razza per fronteggiare la pandemia ha disposto l&#8217;aumento ulteriore di circa 200 posti letto di terapia intensiva in tutta la Sicilia, che per l&#8217;Asp di Messina sono stati individuati all&#8217;ospedale di contrada Sirina.<\/div>\n<div style=\"color: #000000; font-family: georgia, serif; font-size: 16px; font-style: normal; font-variant-ligatures: normal; font-variant-caps: normal; font-weight: 400; letter-spacing: normal; orphans: 2; text-align: start; text-indent: 0px; text-transform: none; white-space: normal; widows: 2; word-spacing: 0px; -webkit-text-stroke-width: 0px; background-color: #ffffff; text-decoration-style: initial; text-decoration-color: initial;\">Durante il sopralluogo sono stati anche visitati i nuovi locali della Uosd Breast unit diretta da Luisa Puzzo, all&#8217;interno di un&#8217;ala in precedenza totalmente occupata da Ostetricia e Ginecologia; la nuova allocazione permette gi\u00e0 di offrire un maggior confort alberghiero alle donne che devono ricorrere alla chirurgia senologica di eccellenza erogata a Taormina.<\/div>\n<div id=\"div-gpt-ad-Messinaoggi.it-DSK-300x250-corpoart\" style=\"text-align:center;margin:0 auto;\"><\/div><\/p><div id=\"videoincontent\" style=\"clear:both\";><\/div>","protected":false},"excerpt":{"rendered":"<p>Il\u00a0direttore generale dell&#8217;Asp di Messina Paolo La Paglia,\u00a0accompagnato dal\u00a0direttore sanitario Dino Alagna, si \u00e8 recato questa mattina all&#8217;ospedale &#8220;San Vincenzo&#8221; di Taormina per verificare la piena funzionalit\u00e0 dei quattro posti di terapia intensiva gi\u00e0 dedicati alla terapia antalgica, da utilizzare come posti letto aggiuntivi di terapia intensiva per malati Covid. Al sopralluogo erano presenti il [&hellip;]<\/p>\n","protected":false},"author":4,"featured_media":49045,"comment_status":"closed","ping_status":"closed","sticky":false,"template":"","format":"standard","meta":{"ub_ctt_via":"","_mi_skip_tracking":false},"categories":[221],"tags":[],"featured_image_src":"https:\/\/www.messinaoggi.it\/website\/wp-content\/uploads\/2020\/11\/ospedale-taormina.jpg","author_info":{"display_name":"redme","author_link":"https:\/\/www.messinaoggi.it\/website\/author\/redme\/"},"digistream_id":0,"digistream":false,"_links":{"self":[{"href":"https:\/\/www.messinaoggi.it\/website\/wp-json\/wp\/v2\/posts\/49044"}],"collection":[{"href":"https:\/\/www.messinaoggi.it\/website\/wp-json\/wp\/v2\/posts"}],"about":[{"href":"https:\/\/www.messinaoggi.it\/website\/wp-json\/wp\/v2\/types\/post"}],"author":[{"embeddable":true,"href":"https:\/\/www.messinaoggi.it\/website\/wp-json\/wp\/v2\/users\/4"}],"replies":[{"embeddable":true,"href":"https:\/\/www.messinaoggi.it\/website\/wp-json\/wp\/v2\/comments?post=49044"}],"version-history":[{"count":0,"href":"https:\/\/www.messinaoggi.it\/website\/wp-json\/wp\/v2\/posts\/49044\/revisions"}],"wp:featuredmedia":[{"embeddable":true,"href":"https:\/\/www.messinaoggi.it\/website\/wp-json\/wp\/v2\/media\/49045"}],"wp:attachment":[{"href":"https:\/\/www.messinaoggi.it\/website\/wp-json\/wp\/v2\/media?parent=49044"}],"wp:term":[{"taxonomy":"category","embeddable":true,"href":"https:\/\/www.messinaoggi.it\/website\/wp-json\/wp\/v2\/categories?post=49044"},{"taxonomy":"post_tag","embeddable":true,"href":"https:\/\/www.messinaoggi.it\/website\/wp-json\/wp\/v2\/tags?post=49044"}],"curies":[{"name":"wp","href":"https:\/\/api.w.org\/{rel}","templated":true}]}}