{"id":49029,"date":"2020-11-12T07:30:20","date_gmt":"2020-11-12T06:30:20","guid":{"rendered":"https:\/\/www.messinaoggi.it\/website\/?p=49029"},"modified":"2020-11-12T07:30:20","modified_gmt":"2020-11-12T06:30:20","slug":"policlinico-i-posti-di-terapia-intensiva-sono-aumentati-e-sono-a-norma","status":"publish","type":"post","link":"https:\/\/www.messinaoggi.it\/website\/2020\/11\/12\/policlinico-i-posti-di-terapia-intensiva-sono-aumentati-e-sono-a-norma\/","title":{"rendered":"Policlinico: &quot;I posti di terapia intensiva sono aumentati e sono a norma&quot;"},"content":{"rendered":"<p style=\"text-align: justify\">Non si \u00e8 fatta attendere la replica del Policlinico di Messina alle recenti critiche mosse nei suoi confronti per una presunta mancanza di posti di terapia intensiva per i pazienti Covid-19. Ad esempio, l&#8217;attuale deputato Pd alla Camera ed ex rettore dell\u2019Universit\u00e0 di Messina, Pietro Navarra, ha accusato l&#8217;Ateneo peloritano e l\u2019Azienda ospedaliera universitaria di non essere stati capaci di allestire al Policlinico, in ben 8 lunghi mesi, i 12 posti di terapia intensiva Covid previsti dalla programmazione regionale.<div id=\"div-gpt-ad-Messinaoggi.it-DSK-300x250-corpoart\" style=\"text-align:center;margin:0 auto;\"><\/div><\/p>\n<blockquote class=\"wp-embedded-content\" data-secret=\"qtg0lXQz16\"><p><a href=\"https:\/\/www.messinaoggi.it\/website\/2020\/11\/11\/navarra-contro-il-rettore-deride-il-papardo-il-policlinico-non-e-messo-meglio\/\">Navarra contro il rettore: &quot;Deride il Papardo? Il Policlinico non \u00e8 messo meglio&quot;<\/a><div id=\"videoincontent\" style=\"clear:both\";><\/div><\/p><\/blockquote>\n<p><iframe class=\"wp-embedded-content\" sandbox=\"allow-scripts\" security=\"restricted\" style=\"position: absolute; clip: rect(1px, 1px, 1px, 1px);\" title=\"&#8220;Navarra contro il rettore: &quot;Deride il Papardo? Il Policlinico non \u00e8 messo meglio&quot;&#8221; &#8212; Messina Oggi\" src=\"https:\/\/www.messinaoggi.it\/website\/2020\/11\/11\/navarra-contro-il-rettore-deride-il-papardo-il-policlinico-non-e-messo-meglio\/embed\/#?secret=qtg0lXQz16\" data-secret=\"qtg0lXQz16\" width=\"500\" height=\"282\" frameborder=\"0\" marginwidth=\"0\" marginheight=\"0\" scrolling=\"no\"><\/iframe><\/p>\n<p style=\"text-align: justify\"><strong>\u201cAumentati i posti di terapia intensiva\u201d. <\/strong>\u201cInnanzitutto, &#8211; si legge in una nota dell&#8217;Azienda ospedaliera &#8211; fino a poche ore fa sembrava dominante l&#8217;idea secondo cui, esaurita la dotazione di 12 posti di terapia intensiva, il Policlinico &#8220;G. Martino&#8221; non avrebbe potuto accogliere altri pazienti COVID, che necessitavano di cure intensive. La nostra Azienda aveva gi\u00e0 accolto la richiesta degli organi regionali, incrementando rapidamente i posti di terapia intensiva COVID sino a 24, tant&#8217;\u00e8 che ad oggi risultano ricoverati in terapia intensiva 14 pazienti affetti da COVID-19.<\/p>\n<p style=\"text-align: justify\"><strong>\u201cI posti di terapia intensiva sono a norma\u201d.<\/strong> \u201cNegli articoli di stampa si ipotizza e suppone che i 12 posti di terapia intensiva allestiti al Padiglione C non siano a norma. Tale supposizione \u00e8 smentita dai fatti, visto che, proprio perch\u00e9 assolutamente a norma, sono stati utilizzati durante il mese di ottobre, nella prima parte della ripresa dell&#8217;epidemia. In atto l&#8217;avvio dei lavori di realizzazione negli stessi locali degli interventi previsti dalla normativa nazionale e gestiti direttamente dal soggetto attuatore del Commissario Delegato, (ampliamento da 12 a 16 e modifiche agli impianti per gestire un numero pi\u00f9 elevato di posti), li ha resi di fatto temporaneamente inutilizzabili, richiedendo scelte alternative per fronteggiare l&#8217;attuale fase epidemica. L&#8217;Azienda ha immediatamente e tempestivamente adottato un piano alternativo trasferendo i pazienti COVID dal Pad. C al Pad. E e riservando ai pazienti no COVID altri posti di terapia intensiva in altre aree.<\/p>\n<p style=\"text-align: justify\"><strong>\u201cL\u2019occupazione dei posti di terapia intensiva non ha superato il 50%\u201d.<\/strong> \u201cMa \u00e8 anche il caso di puntualizzare che, finora, in tutte le fasi dell&#8217;epidemia, il tasso di occupazione dei posti letto di terapia intensiva destinati all&#8217;assistenza di pazienti COVID in media non ha superato il 50%. La ridda di numeri e cifre che continuiamo a leggere, poi, non tiene conto di un aspetto fondamentale. Il Policlinico &#8220;G. Martino&#8221;, cos\u00ec come tutte le aziende siciliane, ha ricevuto disposizioni dall&#8217;assessorato regionale alla Salute, che ha chiesto di adeguarsi a un piano dei posti letto destinati all&#8217;emergenza COVID. I numeri di quel piano sono l&#8217;unico riferimento ufficiale. \u00c8 bene puntualizzare, per\u00f2, che la strategia scelta dalle istituzioni regionali prevede l&#8217;attivazione dei vari posti letto secondo uno schema modulare: nel momento in cui, cio\u00e8, ci si avvicina alla saturazione di una prima dotazione, le aziende passano allo step successivo. La programmazione regionale per step incrementali, consentir\u00e0 a tutte le Aziende di assicurare sia l&#8217;assistenza ai pazienti COVID sia tutte le altre prestazioni sanitarie no COVID. In atto lo scenario \u00e8 differente rispetto a quello che abbiamo affrontato in occasione della prima ondata epidemica, poich\u00e9 stiamo assicurando tutte le prestazioni no COVID ai cittadini, fino a nuova eventuale disposizione. \u00c8 fondamentale, quindi, ragionare in termini di risorse disponibili e attivabili. Fermo restando che l&#8217;organizzazione dei servizi deve indispensabilmente passare dalla necessit\u00e0 di gestire al meglio il personale.<\/p>\n<p style=\"text-align: justify\"><strong>\u201cIl Policlinico ha risposto prontamente all&#8217;emergenza\u201d.<\/strong> \u201cPer quanto concerne una presunta mancanza di programmazione, infine, va ricordato che solo in data 9 ottobre, in piena fase di forte ripresa dell&#8217;emergenza, il Commissario Straordinario Nazionale per l&#8217;emergenza COVID ha delegato il Presidente della Regione, che si \u00e8 attivato, delegando a sua volta per gli aspetti realizzativi, per la ricognizione e l&#8217;esecuzione degli interventi previsti un soggetto attuatore. Nonostante ci\u00f2, l&#8217;Azienda ha comunque provveduto costantemente a dare risposte al territorio, operando sul fronte COVID-19 anche nella fase in cui la prima ondata appariva esaurita. Lo ha fatto grazie alle proprie strutture e senza mai, mai negare assistenza a pazienti COVID e no-COVID. Dal quadro che si \u00e8 rappresentato nessuna responsabilit\u00e0 pu\u00f2 essere ascritta alla Direzione Aziendale ed appare alquanto ingiustificato il tentativo di alimentare timori e preoccupazioni nel libero cittadino su una presunta mancanza di posti letto\u201d.<\/p>\n","protected":false},"excerpt":{"rendered":"<p>Non si \u00e8 fatta attendere la replica del Policlinico di Messina alle recenti critiche mosse nei suoi confronti per una presunta mancanza di posti di terapia intensiva per i pazienti Covid-19. Ad esempio, l&#8217;attuale deputato Pd alla Camera ed ex rettore dell\u2019Universit\u00e0 di Messina, Pietro Navarra, ha accusato l&#8217;Ateneo peloritano e l\u2019Azienda ospedaliera universitaria di [&hellip;]<\/p>\n","protected":false},"author":8,"featured_media":1433,"comment_status":"closed","ping_status":"closed","sticky":false,"template":"","format":"standard","meta":{"ub_ctt_via":"","_mi_skip_tracking":false},"categories":[221],"tags":[],"featured_image_src":"https:\/\/www.messinaoggi.it\/website\/wp-content\/uploads\/2017\/06\/Policlinico-1-2.jpg","author_info":{"display_name":"red..me","author_link":"https:\/\/www.messinaoggi.it\/website\/author\/redstage\/"},"digistream_id":0,"digistream":false,"_links":{"self":[{"href":"https:\/\/www.messinaoggi.it\/website\/wp-json\/wp\/v2\/posts\/49029"}],"collection":[{"href":"https:\/\/www.messinaoggi.it\/website\/wp-json\/wp\/v2\/posts"}],"about":[{"href":"https:\/\/www.messinaoggi.it\/website\/wp-json\/wp\/v2\/types\/post"}],"author":[{"embeddable":true,"href":"https:\/\/www.messinaoggi.it\/website\/wp-json\/wp\/v2\/users\/8"}],"replies":[{"embeddable":true,"href":"https:\/\/www.messinaoggi.it\/website\/wp-json\/wp\/v2\/comments?post=49029"}],"version-history":[{"count":0,"href":"https:\/\/www.messinaoggi.it\/website\/wp-json\/wp\/v2\/posts\/49029\/revisions"}],"wp:featuredmedia":[{"embeddable":true,"href":"https:\/\/www.messinaoggi.it\/website\/wp-json\/wp\/v2\/media\/1433"}],"wp:attachment":[{"href":"https:\/\/www.messinaoggi.it\/website\/wp-json\/wp\/v2\/media?parent=49029"}],"wp:term":[{"taxonomy":"category","embeddable":true,"href":"https:\/\/www.messinaoggi.it\/website\/wp-json\/wp\/v2\/categories?post=49029"},{"taxonomy":"post_tag","embeddable":true,"href":"https:\/\/www.messinaoggi.it\/website\/wp-json\/wp\/v2\/tags?post=49029"}],"curies":[{"name":"wp","href":"https:\/\/api.w.org\/{rel}","templated":true}]}}