{"id":48958,"date":"2020-11-10T12:37:34","date_gmt":"2020-11-10T11:37:34","guid":{"rendered":"https:\/\/www.messinaoggi.it\/website\/?p=48958"},"modified":"2020-11-10T12:37:34","modified_gmt":"2020-11-10T11:37:34","slug":"grasso-ho-chiesto-a-razza-di-potenziare-il-distretto-sanitario-di-mistretta","status":"publish","type":"post","link":"https:\/\/www.messinaoggi.it\/website\/2020\/11\/10\/grasso-ho-chiesto-a-razza-di-potenziare-il-distretto-sanitario-di-mistretta\/","title":{"rendered":"Grasso: &quot;Ho chiesto a Razza di potenziare il distretto sanitario di Mistretta&quot;"},"content":{"rendered":"<div>Un appello accorato per potenziare la rete ospedaliera messa a dura prova dai tagli e dall&#8217;emergenza Covid: lo lancia l\u2019assessore agli Enti locali, Bernardette Grasso, che si rivolge al collega della sanit\u00e0, Ruggero Razza.<\/div>\n<div><\/div>\n<div>\n<div>&#8220;Sono vicina ai sindaci del distretto socio sanitario di Mistretta &#8211; con i quali mi confronto quotidianamente \u2013 che chiedono il potenziamento della rete ospedaliera del comprensorio e\u00a0<span style=\"font-size: large;\">posti Covid<\/span>, mediante la riconversione del nosocomio di Mistretta. Ci\u00f2 garantirebbe la copertura di una carenza strutturale rispetto ad altre zone del messinese.\u00a0 Ho rappresentato all\u2019assessore Razza quanto richiesto dagli amministratori, il quale sta gi\u00e0 valutando con i propri uffici la fattibilit\u00e0 di quanto chiesto.<\/div>\n<div>Inoltre &#8211; spiega Bernardette Grasso &#8211; ho chiesto all\u2019assessore di inserire l\u2019ospedale di Mistretta nel Piano Covid.\u00a0 La volont\u00e0 del Governo regionale \u00e8 di una totale collaborazione con gli Enti Locali per ridurre i disagi delle comunit\u00e0 locali e contenere la seconda ondata epidemiologica&#8221;.<\/div>\n<\/div>\n<div id=\"div-gpt-ad-Messinaoggi.it-DSK-300x250-corpoart\" style=\"text-align:center;margin:0 auto;\"><\/div><\/p><div id=\"videoincontent\" style=\"clear:both\";><\/div>","protected":false},"excerpt":{"rendered":"<p>Un appello accorato per potenziare la rete ospedaliera messa a dura prova dai tagli e dall&#8217;emergenza Covid: lo lancia l\u2019assessore agli Enti locali, Bernardette Grasso, che si rivolge al collega della sanit\u00e0, Ruggero Razza. &#8220;Sono vicina ai sindaci del distretto socio sanitario di Mistretta &#8211; con i quali mi confronto quotidianamente \u2013 che chiedono il [&hellip;]<\/p>\n","protected":false},"author":4,"featured_media":29041,"comment_status":"closed","ping_status":"closed","sticky":false,"template":"","format":"standard","meta":{"ub_ctt_via":"","_mi_skip_tracking":false},"categories":[221],"tags":[],"featured_image_src":"https:\/\/www.messinaoggi.it\/website\/wp-content\/uploads\/2019\/02\/bernardette-grasso.jpg","author_info":{"display_name":"redme","author_link":"https:\/\/www.messinaoggi.it\/website\/author\/redme\/"},"digistream_id":0,"digistream":false,"_links":{"self":[{"href":"https:\/\/www.messinaoggi.it\/website\/wp-json\/wp\/v2\/posts\/48958"}],"collection":[{"href":"https:\/\/www.messinaoggi.it\/website\/wp-json\/wp\/v2\/posts"}],"about":[{"href":"https:\/\/www.messinaoggi.it\/website\/wp-json\/wp\/v2\/types\/post"}],"author":[{"embeddable":true,"href":"https:\/\/www.messinaoggi.it\/website\/wp-json\/wp\/v2\/users\/4"}],"replies":[{"embeddable":true,"href":"https:\/\/www.messinaoggi.it\/website\/wp-json\/wp\/v2\/comments?post=48958"}],"version-history":[{"count":0,"href":"https:\/\/www.messinaoggi.it\/website\/wp-json\/wp\/v2\/posts\/48958\/revisions"}],"wp:featuredmedia":[{"embeddable":true,"href":"https:\/\/www.messinaoggi.it\/website\/wp-json\/wp\/v2\/media\/29041"}],"wp:attachment":[{"href":"https:\/\/www.messinaoggi.it\/website\/wp-json\/wp\/v2\/media?parent=48958"}],"wp:term":[{"taxonomy":"category","embeddable":true,"href":"https:\/\/www.messinaoggi.it\/website\/wp-json\/wp\/v2\/categories?post=48958"},{"taxonomy":"post_tag","embeddable":true,"href":"https:\/\/www.messinaoggi.it\/website\/wp-json\/wp\/v2\/tags?post=48958"}],"curies":[{"name":"wp","href":"https:\/\/api.w.org\/{rel}","templated":true}]}}