{"id":48821,"date":"2020-11-06T16:44:04","date_gmt":"2020-11-06T15:44:04","guid":{"rendered":"https:\/\/www.messinaoggi.it\/website\/?p=48821"},"modified":"2020-11-06T16:44:04","modified_gmt":"2020-11-06T15:44:04","slug":"screening-sulla-popolazione-scolastica-domani-e-domenica-tamponi-al-minutoli","status":"publish","type":"post","link":"https:\/\/www.messinaoggi.it\/website\/2020\/11\/06\/screening-sulla-popolazione-scolastica-domani-e-domenica-tamponi-al-minutoli\/","title":{"rendered":"Screening sulla popolazione scolastica: domani e domenica tamponi al &quot;Minutoli&quot;"},"content":{"rendered":"<div><span style=\"font-size: 14pt;\">Si svolger\u00e0 domani e domenica presso la sede dell&#8217;Istituto scolastico &#8220;Minutoli&#8221;, d&#8217;intesa con il Dirigente prof. Pietro La Tona ed il referente Asp, Carmelo Crisicelli, il monitoraggio regionale per l&#8217;effettuazione di tamponi antigenici rapidi Covid-19, rivolto al personale docente e non docente degli Istituti scolastici superiori del territorio comunale, oltre che alla popolazione scolastica e loro familiari.<\/span><\/div>\n<div><\/div>\n<div><span style=\"font-size: 14pt;\">Lo screening, che si svolger\u00e0 in modalit\u00e0 \u201cdrive in\u201d, sar\u00e0 cos\u00ec articolato: domani 7 novembre, dalle ore 9.30 alle ore 12.00 sar\u00e0 effettuato al personale docente e non docente; dalle ore 12 della stessa giornata a seguire e nella mattinata di domenica 8 novembre sar\u00e0 riservato a studenti e familiari.<\/span><\/div>\n<div id=\"div-gpt-ad-Messinaoggi.it-DSK-300x250-corpoart\" style=\"text-align:center;margin:0 auto;\"><\/div><\/p><div id=\"videoincontent\" style=\"clear:both\";><\/div>","protected":false},"excerpt":{"rendered":"<p>Si svolger\u00e0 domani e domenica presso la sede dell&#8217;Istituto scolastico &#8220;Minutoli&#8221;, d&#8217;intesa con il Dirigente prof. Pietro La Tona ed il referente Asp, Carmelo Crisicelli, il monitoraggio regionale per l&#8217;effettuazione di tamponi antigenici rapidi Covid-19, rivolto al personale docente e non docente degli Istituti scolastici superiori del territorio comunale, oltre che alla popolazione scolastica e [&hellip;]<\/p>\n","protected":false},"author":4,"featured_media":47228,"comment_status":"closed","ping_status":"closed","sticky":false,"template":"","format":"standard","meta":{"ub_ctt_via":"","_mi_skip_tracking":false},"categories":[19],"tags":[],"featured_image_src":"https:\/\/www.messinaoggi.it\/website\/wp-content\/uploads\/2020\/09\/dopo-quanto-tempo-si-guarisce-covid-19-04092020-780x470-1.jpg","author_info":{"display_name":"redme","author_link":"https:\/\/www.messinaoggi.it\/website\/author\/redme\/"},"digistream_id":0,"digistream":false,"_links":{"self":[{"href":"https:\/\/www.messinaoggi.it\/website\/wp-json\/wp\/v2\/posts\/48821"}],"collection":[{"href":"https:\/\/www.messinaoggi.it\/website\/wp-json\/wp\/v2\/posts"}],"about":[{"href":"https:\/\/www.messinaoggi.it\/website\/wp-json\/wp\/v2\/types\/post"}],"author":[{"embeddable":true,"href":"https:\/\/www.messinaoggi.it\/website\/wp-json\/wp\/v2\/users\/4"}],"replies":[{"embeddable":true,"href":"https:\/\/www.messinaoggi.it\/website\/wp-json\/wp\/v2\/comments?post=48821"}],"version-history":[{"count":0,"href":"https:\/\/www.messinaoggi.it\/website\/wp-json\/wp\/v2\/posts\/48821\/revisions"}],"wp:featuredmedia":[{"embeddable":true,"href":"https:\/\/www.messinaoggi.it\/website\/wp-json\/wp\/v2\/media\/47228"}],"wp:attachment":[{"href":"https:\/\/www.messinaoggi.it\/website\/wp-json\/wp\/v2\/media?parent=48821"}],"wp:term":[{"taxonomy":"category","embeddable":true,"href":"https:\/\/www.messinaoggi.it\/website\/wp-json\/wp\/v2\/categories?post=48821"},{"taxonomy":"post_tag","embeddable":true,"href":"https:\/\/www.messinaoggi.it\/website\/wp-json\/wp\/v2\/tags?post=48821"}],"curies":[{"name":"wp","href":"https:\/\/api.w.org\/{rel}","templated":true}]}}