{"id":48799,"date":"2020-11-05T22:45:46","date_gmt":"2020-11-05T21:45:46","guid":{"rendered":"https:\/\/www.messinaoggi.it\/website\/?p=48799"},"modified":"2020-11-05T22:45:46","modified_gmt":"2020-11-05T21:45:46","slug":"rally-andrea-e-giuseppe-nucita-a-como-vanno-a-caccia-della-coppa-italia","status":"publish","type":"post","link":"https:\/\/www.messinaoggi.it\/website\/2020\/11\/05\/rally-andrea-e-giuseppe-nucita-a-como-vanno-a-caccia-della-coppa-italia\/","title":{"rendered":"RALLY &#8211; Andrea e Giuseppe Nucita a Como vanno a caccia della Coppa Italia"},"content":{"rendered":"<h6><strong><em>L\u2019equipaggio messinese del Team Phoenix sulla Hyundai i20 R5 alla finale nazionale del 6 e 7 novembre non nasconde le proprie ambizioni di vertice<\/em><\/strong><\/h6>\n<p> <div id=\"div-gpt-ad-Messinaoggi.it-DSK-300x250-corpoart\" style=\"text-align:center;margin:0 auto;\"><\/div><\/p>\n<p style=\"text-align: justify\">Andrea e Giuseppe Nucita partiranno col numero 1 sulle portiere della Hyundai i20 R5 della Promo Racing Team il prossimo sabato 7 novembre per la 39^ edizione del Trofeo ACI Como, gara di finale Nazionale AciSport Rally Cup 2020.<div id=\"videoincontent\" style=\"clear:both\";><\/div><\/p>\n<p style=\"text-align: justify\">La scelta concordata con la scuderia e i partner, Michelin e OMP Racing, di dirottare il finale di stagione sul CRZ \u00e8 risultata efficace e la splendida affermazione al Rally 2 Valli ha consegnato ai fratelli di Santa Teresa Riva, oltre al successo nella 3^ Zona, anche il ruolo di protagonisti per la vittoria della Coppa.<\/p>\n<p style=\"text-align: justify\">L\u2019obiettivo \u00e8 il massimo ma, come dimostrato al Rally di San Martino di Castrozza e nella gara veronese, corsa su fondi insidiosissimi, l\u2019altissimo potenziale della vettura e l\u2019assoluto affiatamento dell&#8217;equipaggio, rappresentano armi vincenti per potersi aggiudicare il prestigioso trofeo, fortemente sostenuto in ambito federale, come ha spesso sottolineato il presidente della Commissione Rally, Daniele Settimo.<\/p>\n<p style=\"text-align: justify\">\u201c<em>Partire col numero 1 ci lusinga<\/em> \u2013 ha commentato Andrea Nucita \u2013 <em>oltre che costituisce un vero e proprio stimolo per arrivare in vetta. Dopo le prestazioni di San Martino e del 2 Valli, non possiamo nasconderci ma a Como sar\u00e0 diverso perch\u00e8 la concorrenza sar\u00e0 agguerrita e i nostri rivali sono a loro volta vincitori di zona. La finale in gara unica non ammette appello quindi puntiamo al massimo risultato. L&#8217;affiatamento con ogni componente delle squadra e una vettura di cui conosciamo il potenziale sono certamente elementi che ci danno serenit\u00e0&#8221;<\/em>-.<\/p>\n<p style=\"text-align: justify\">L\u2019edizione 39 del Trofeo Aci Como prender\u00e0 il via domani, venerd\u00ec 6 novembre, alle 9.00 con lo shakedown, la partenza della gara alle 17.00 dal lario Tir Parking e la disputa della 1 PS denominata \u201cAlpe Grande\u201d, che concluder\u00e0 la prima sezione del rally.<\/p>\n<p style=\"text-align: justify\">Sabato la seconda sezione prender\u00e0 il via alle 6.41 con 2 Ps, la \u201cSormanno \u2013 Nesso\u201d e la \u201cBellaggio\u201d prima di fare rientro al parco assistenza. La terza sezione prevede ill secondo passaggio sulle tre speciali e l\u2019arrivo alle 18.10 presso il Driver Como.<\/p>\n<p><strong><em>\u00a0<\/em><\/strong><\/p>\n","protected":false},"excerpt":{"rendered":"<p>L\u2019equipaggio messinese del Team Phoenix sulla Hyundai i20 R5 alla finale nazionale del 6 e 7 novembre non nasconde le proprie ambizioni di vertice Andrea e Giuseppe Nucita partiranno col numero 1 sulle portiere della Hyundai i20 R5 della Promo Racing Team il prossimo sabato 7 novembre per la 39^ edizione del Trofeo ACI Como, [&hellip;]<\/p>\n","protected":false},"author":17,"featured_media":48800,"comment_status":"closed","ping_status":"closed","sticky":false,"template":"","format":"standard","meta":{"ub_ctt_via":"","_mi_skip_tracking":false},"categories":[8,9],"tags":[328,406],"featured_image_src":"https:\/\/www.messinaoggi.it\/website\/wp-content\/uploads\/2020\/11\/Nucita-2-valli-scaled-1.jpg","author_info":{"display_name":"Giuseppe Luppino","author_link":"https:\/\/www.messinaoggi.it\/website\/author\/g-luppino\/"},"digistream_id":0,"digistream":false,"_links":{"self":[{"href":"https:\/\/www.messinaoggi.it\/website\/wp-json\/wp\/v2\/posts\/48799"}],"collection":[{"href":"https:\/\/www.messinaoggi.it\/website\/wp-json\/wp\/v2\/posts"}],"about":[{"href":"https:\/\/www.messinaoggi.it\/website\/wp-json\/wp\/v2\/types\/post"}],"author":[{"embeddable":true,"href":"https:\/\/www.messinaoggi.it\/website\/wp-json\/wp\/v2\/users\/17"}],"replies":[{"embeddable":true,"href":"https:\/\/www.messinaoggi.it\/website\/wp-json\/wp\/v2\/comments?post=48799"}],"version-history":[{"count":0,"href":"https:\/\/www.messinaoggi.it\/website\/wp-json\/wp\/v2\/posts\/48799\/revisions"}],"wp:featuredmedia":[{"embeddable":true,"href":"https:\/\/www.messinaoggi.it\/website\/wp-json\/wp\/v2\/media\/48800"}],"wp:attachment":[{"href":"https:\/\/www.messinaoggi.it\/website\/wp-json\/wp\/v2\/media?parent=48799"}],"wp:term":[{"taxonomy":"category","embeddable":true,"href":"https:\/\/www.messinaoggi.it\/website\/wp-json\/wp\/v2\/categories?post=48799"},{"taxonomy":"post_tag","embeddable":true,"href":"https:\/\/www.messinaoggi.it\/website\/wp-json\/wp\/v2\/tags?post=48799"}],"curies":[{"name":"wp","href":"https:\/\/api.w.org\/{rel}","templated":true}]}}