{"id":48763,"date":"2020-11-05T09:16:58","date_gmt":"2020-11-05T08:16:58","guid":{"rendered":"https:\/\/www.messinaoggi.it\/website\/?p=48763"},"modified":"2020-11-05T09:16:58","modified_gmt":"2020-11-05T08:16:58","slug":"de-luca-subito-dimissioni-di-musumeci-e-razza","status":"publish","type":"post","link":"https:\/\/www.messinaoggi.it\/website\/2020\/11\/05\/de-luca-subito-dimissioni-di-musumeci-e-razza\/","title":{"rendered":"De Luca: &quot;Subito dimissioni di Musumeci e Razza&quot;"},"content":{"rendered":"<p>\u201cPerch\u00e9 la Sicilia \u00e8 stata degradata a zona arancione? L\u2019andamento della curva epidemiologica ci pone al tredicesimo posto, cio\u00e8 il virus in Sicilia circola molto di meno rispetto a dodici regioni come ad esempio il Lazio, la Campania e la Liguria (inserite invece nella zona gialla). E&#8217; la conferma che il sistema sanitario siciliano \u00e8 strutturalmente al collasso perch\u00e9 in questi sei mesi poco o nulla si \u00e8 fatto per incrementare i posti letto nei reparti Covid e nella terapia intensiva, nonostante i soldi messi a disposizione del governo Conte\u201d:\u00a0 \u00e8 un fiume in piena il sindaco di Messina Cateno De Luca, che punta il dito contro la Regione. \u201cAvevo gi\u00e0 lanciato l\u2019allarme una settimana fa. Ci hanno risposto con chiacchiere, proclami e scaricabarile. P)Da venerd\u00ec migliaia di imprenditori non potranno alzare la saracinesca.<br \/>\nChiedo ufficialmente \u2013 conclude De Luca \u2013 le immediate dimissioni dell\u2019assessore regionale alla Sanit\u00e0 Ruggero Razza e le scuse immediate ai siciliani da parte dell\u2019inconcludente presidente Nello Musumeci. Per colpa della politica siciliana ora arriver\u00e0 un\u2019ulteriore mazzata alla Sicilia ed ai siciliani\u201d.<div id=\"div-gpt-ad-Messinaoggi.it-DSK-300x250-corpoart\" style=\"text-align:center;margin:0 auto;\"><\/div><\/p>\n<div id=\"videoincontent\" style=\"clear:both\";><\/div>","protected":false},"excerpt":{"rendered":"<p>\u201cPerch\u00e9 la Sicilia \u00e8 stata degradata a zona arancione? L\u2019andamento della curva epidemiologica ci pone al tredicesimo posto, cio\u00e8 il virus in Sicilia circola molto di meno rispetto a dodici regioni come ad esempio il Lazio, la Campania e la Liguria (inserite invece nella zona gialla). E&#8217; la conferma che il sistema sanitario siciliano \u00e8 [&hellip;]<\/p>\n","protected":false},"author":4,"featured_media":45323,"comment_status":"closed","ping_status":"closed","sticky":false,"template":"","format":"standard","meta":{"ub_ctt_via":"","_mi_skip_tracking":false},"categories":[221],"tags":[],"featured_image_src":"https:\/\/www.messinaoggi.it\/website\/wp-content\/uploads\/2020\/07\/cateno-de-luca-4.jpg","author_info":{"display_name":"redme","author_link":"https:\/\/www.messinaoggi.it\/website\/author\/redme\/"},"digistream_id":0,"digistream":false,"_links":{"self":[{"href":"https:\/\/www.messinaoggi.it\/website\/wp-json\/wp\/v2\/posts\/48763"}],"collection":[{"href":"https:\/\/www.messinaoggi.it\/website\/wp-json\/wp\/v2\/posts"}],"about":[{"href":"https:\/\/www.messinaoggi.it\/website\/wp-json\/wp\/v2\/types\/post"}],"author":[{"embeddable":true,"href":"https:\/\/www.messinaoggi.it\/website\/wp-json\/wp\/v2\/users\/4"}],"replies":[{"embeddable":true,"href":"https:\/\/www.messinaoggi.it\/website\/wp-json\/wp\/v2\/comments?post=48763"}],"version-history":[{"count":0,"href":"https:\/\/www.messinaoggi.it\/website\/wp-json\/wp\/v2\/posts\/48763\/revisions"}],"wp:featuredmedia":[{"embeddable":true,"href":"https:\/\/www.messinaoggi.it\/website\/wp-json\/wp\/v2\/media\/45323"}],"wp:attachment":[{"href":"https:\/\/www.messinaoggi.it\/website\/wp-json\/wp\/v2\/media?parent=48763"}],"wp:term":[{"taxonomy":"category","embeddable":true,"href":"https:\/\/www.messinaoggi.it\/website\/wp-json\/wp\/v2\/categories?post=48763"},{"taxonomy":"post_tag","embeddable":true,"href":"https:\/\/www.messinaoggi.it\/website\/wp-json\/wp\/v2\/tags?post=48763"}],"curies":[{"name":"wp","href":"https:\/\/api.w.org\/{rel}","templated":true}]}}