{"id":48753,"date":"2020-11-04T17:29:40","date_gmt":"2020-11-04T16:29:40","guid":{"rendered":"https:\/\/www.messinaoggi.it\/website\/?p=48753"},"modified":"2020-11-04T17:29:40","modified_gmt":"2020-11-04T16:29:40","slug":"da-domani-scatta-il-coprifuoco-e-torna-lautocertificazione","status":"publish","type":"post","link":"https:\/\/www.messinaoggi.it\/website\/2020\/11\/04\/da-domani-scatta-il-coprifuoco-e-torna-lautocertificazione\/","title":{"rendered":"Da domani scatta il coprifuoco e torna l&#039;autocertificazione"},"content":{"rendered":"<p>Con il nuovo Dpcm in vigore da domani torner\u00e0 l\u2019autocertificazione per gli spostamenti in tutta Italia: in tutto il Paese scatter\u00e0 il coprifuoco alle 22 e la necessit\u00e0 di giustificare i propri spostamenti.<br \/>\nIl modulo, gi\u00e0 disponibile sul sito del Viminale, \u00e8 lo stesso che era stato predisposto in occasione del Dpcm del 24 ottobre e gi\u00e0 utilizzabile per le ordinanze in vigore nelle Regioni dove era stato stabilito il coprifuoco.<br \/>\nSi tratta di un modello standard \u2013 che avranno a disposizione tutte le pattuglie delle forze di polizia \u2013 dove i cittadini dovranno indicare i motivi dello spostamento.<br \/>\nI controlli verranno fatti a campione e chi non riuscir\u00e0 a dimostrare il motivo indicato nell\u2019autocertificazione, verr\u00e0 denunciato.<div id=\"div-gpt-ad-Messinaoggi.it-DSK-300x250-corpoart\" style=\"text-align:center;margin:0 auto;\"><\/div><\/p>\n<div id=\"videoincontent\" style=\"clear:both\";><\/div>","protected":false},"excerpt":{"rendered":"<p>Con il nuovo Dpcm in vigore da domani torner\u00e0 l\u2019autocertificazione per gli spostamenti in tutta Italia: in tutto il Paese scatter\u00e0 il coprifuoco alle 22 e la necessit\u00e0 di giustificare i propri spostamenti. Il modulo, gi\u00e0 disponibile sul sito del Viminale, \u00e8 lo stesso che era stato predisposto in occasione del Dpcm del 24 ottobre [&hellip;]<\/p>\n","protected":false},"author":4,"featured_media":48743,"comment_status":"closed","ping_status":"closed","sticky":false,"template":"","format":"standard","meta":{"ub_ctt_via":"","_mi_skip_tracking":false},"categories":[221],"tags":[],"featured_image_src":"https:\/\/www.messinaoggi.it\/website\/wp-content\/uploads\/2020\/11\/messina-notte-2.jpg","author_info":{"display_name":"redme","author_link":"https:\/\/www.messinaoggi.it\/website\/author\/redme\/"},"digistream_id":0,"digistream":false,"_links":{"self":[{"href":"https:\/\/www.messinaoggi.it\/website\/wp-json\/wp\/v2\/posts\/48753"}],"collection":[{"href":"https:\/\/www.messinaoggi.it\/website\/wp-json\/wp\/v2\/posts"}],"about":[{"href":"https:\/\/www.messinaoggi.it\/website\/wp-json\/wp\/v2\/types\/post"}],"author":[{"embeddable":true,"href":"https:\/\/www.messinaoggi.it\/website\/wp-json\/wp\/v2\/users\/4"}],"replies":[{"embeddable":true,"href":"https:\/\/www.messinaoggi.it\/website\/wp-json\/wp\/v2\/comments?post=48753"}],"version-history":[{"count":0,"href":"https:\/\/www.messinaoggi.it\/website\/wp-json\/wp\/v2\/posts\/48753\/revisions"}],"wp:featuredmedia":[{"embeddable":true,"href":"https:\/\/www.messinaoggi.it\/website\/wp-json\/wp\/v2\/media\/48743"}],"wp:attachment":[{"href":"https:\/\/www.messinaoggi.it\/website\/wp-json\/wp\/v2\/media?parent=48753"}],"wp:term":[{"taxonomy":"category","embeddable":true,"href":"https:\/\/www.messinaoggi.it\/website\/wp-json\/wp\/v2\/categories?post=48753"},{"taxonomy":"post_tag","embeddable":true,"href":"https:\/\/www.messinaoggi.it\/website\/wp-json\/wp\/v2\/tags?post=48753"}],"curies":[{"name":"wp","href":"https:\/\/api.w.org\/{rel}","templated":true}]}}