{"id":4868,"date":"2017-07-15T21:27:09","date_gmt":"2017-07-15T19:27:09","guid":{"rendered":"http:\/\/www.messinaoggi.it\/website\/?p=4868"},"modified":"2017-07-15T21:27:09","modified_gmt":"2017-07-15T19:27:09","slug":"chi-si-aggira-di-notte-nelle-stanze-dellex-ospedale-margherita-luce-sospetta","status":"publish","type":"post","link":"https:\/\/www.messinaoggi.it\/website\/2017\/07\/15\/chi-si-aggira-di-notte-nelle-stanze-dellex-ospedale-margherita-luce-sospetta\/","title":{"rendered":"Chi si aggira di notte nelle stanze dell\u2019ex Ospedale Margherita? Luce sospetta\u2026"},"content":{"rendered":"<p style=\"text-align: justify;\"><strong>Lume di candela o lampadine tascabili illuminano di notte alcune finestre dell\u2019ex presidio ospedaliero \u201cRegina Margherita\u201d.<\/strong> Certamente, il fatto risulta, a dir poco, \u201csospetto\u201d prima perch\u00e9 la seconda serata non \u00e8 un orario che si addice a delle presenze in una struttura pubblica, poi perch\u00e9 sta accadendo anche oggi che, per di pi\u00f9, \u00e8 sabato &#8211; un festivo. Per quattro sere consecutive, ribadiamo compresa stasera, a partire dalle ore 21:00 circa, fino alle 23:30, da ben tre finestre del secondo piano dell\u2019edificio del viale della Libert\u00e0 nella facciata retrostante, \u00e8 stato possibile individuare e fotografare un chiarore che presuppone il \u201ctransito\u201d di qualcuno. <strong>A restare incredulo per la visuale sconcertante \u00e8 il consigliere della V Circoscrizione, Marcello Cannistraci, che ha potuto verificare ad una certa distanza (anche di sicurezza) l\u2019illuminazione che dovrebbe essere estranea a dei locali adibiti a pratiche di ufficio.<\/strong><div id=\"div-gpt-ad-Messinaoggi.it-DSK-300x250-corpoart\" style=\"text-align:center;margin:0 auto;\"><\/div><\/p>\n<p style=\"text-align: justify;\"><strong><img loading=\"lazy\" class=\"alignnone size-medium wp-image-4870\" src=\"http:\/\/www.messinaoggi.it\/website\/wp-content\/uploads\/2017\/07\/ospedale-margherita-luce-notturna-zoom-messinaoggiMR-225x300.jpg\" alt=\"\" width=\"225\" height=\"300\" \/>Pensare al servizio di un custode o a dei vigilanti privati non spiegherebbe la comparsa delle luci in tre finestre contemporaneamente.<\/strong> Non vorremmo giustificare la presenza di lanterne o altro dispositivo illuminante con il &#8220;vagabondare di un fantasma&#8221; ma ci sembra doveroso segnalare che non si tratterebbe di uno scherzo ottico, bens\u00ec di qualcuno che potrebbe approfittare del calar della sera per introdursi in quel luogo e trovare riparo per il periodo notturno. <strong>Del resto, non sarebbe la prima volta che l\u2019ex nosocomio venga utilizzato per scopi di \u201csoggiorno alternativo\u201d, magari da soggetti senza tetto.<\/strong><div id=\"videoincontent\" style=\"clear:both\";><\/div><\/p>\n<p style=\"text-align: justify;\">All\u2019epoca di questa scoperta, avevano popolato quantomeno solo il pian terreno, attrezzandosi con il necessario per il loro \u201cbonario stazionamento\u201d. Noi vorremmo limitarci, per il momento, a restare nel campo delle ipotesi. Il compito di vigilare spetta ad altre categorie professionali, come le Forze dell\u2019Ordine. E\u2019 evidente che, nel caso del consigliere Cannistraci, si pu\u00f2 parlare di un rappresentante delle istituzioni che vorrebbe non dover assistere ad \u201ceventuali occupazioni abusive\u201d in un plesso che ospita attivit\u00e0 sanitarie ed amministrative.<\/p>\n<p style=\"text-align: justify;\">Insomma, <strong>se qualcuno si aggira nell\u2019ex ospedale che, peraltro, deve convertirsi in \u201cCittadella della Cultura\u201d da correlare al Museo Interdisciplinare Regionale adiacente, crediamo sia conveniente accertarsi di quello che succede realmente<\/strong> in una sede che, comunque, non sembra controllata adeguatamente ed illuminata (se non da luci \u201cnon ben identificate\u201d).<\/p>\n","protected":false},"excerpt":{"rendered":"<p>Lume di candela o lampadine tascabili illuminano di notte alcune finestre dell\u2019ex presidio ospedaliero \u201cRegina Margherita\u201d. Certamente, il fatto risulta, a dir poco, \u201csospetto\u201d prima perch\u00e9 la seconda serata non \u00e8 un orario che si addice a delle presenze in una struttura pubblica, poi perch\u00e9 sta accadendo anche oggi che, per di pi\u00f9, \u00e8 sabato [&hellip;]<\/p>\n","protected":false},"author":7,"featured_media":4869,"comment_status":"closed","ping_status":"open","sticky":false,"template":"","format":"standard","meta":{"ub_ctt_via":"","_mi_skip_tracking":false},"categories":[5],"tags":[],"featured_image_src":"https:\/\/www.messinaoggi.it\/website\/wp-content\/uploads\/2017\/07\/ospedale-margherita-luce-interna-notturna-messinaoggiMR-2.jpg","author_info":{"display_name":"Redazione1","author_link":"https:\/\/www.messinaoggi.it\/website\/author\/redazione1\/"},"digistream_id":0,"digistream":false,"_links":{"self":[{"href":"https:\/\/www.messinaoggi.it\/website\/wp-json\/wp\/v2\/posts\/4868"}],"collection":[{"href":"https:\/\/www.messinaoggi.it\/website\/wp-json\/wp\/v2\/posts"}],"about":[{"href":"https:\/\/www.messinaoggi.it\/website\/wp-json\/wp\/v2\/types\/post"}],"author":[{"embeddable":true,"href":"https:\/\/www.messinaoggi.it\/website\/wp-json\/wp\/v2\/users\/7"}],"replies":[{"embeddable":true,"href":"https:\/\/www.messinaoggi.it\/website\/wp-json\/wp\/v2\/comments?post=4868"}],"version-history":[{"count":0,"href":"https:\/\/www.messinaoggi.it\/website\/wp-json\/wp\/v2\/posts\/4868\/revisions"}],"wp:featuredmedia":[{"embeddable":true,"href":"https:\/\/www.messinaoggi.it\/website\/wp-json\/wp\/v2\/media\/4869"}],"wp:attachment":[{"href":"https:\/\/www.messinaoggi.it\/website\/wp-json\/wp\/v2\/media?parent=4868"}],"wp:term":[{"taxonomy":"category","embeddable":true,"href":"https:\/\/www.messinaoggi.it\/website\/wp-json\/wp\/v2\/categories?post=4868"},{"taxonomy":"post_tag","embeddable":true,"href":"https:\/\/www.messinaoggi.it\/website\/wp-json\/wp\/v2\/tags?post=4868"}],"curies":[{"name":"wp","href":"https:\/\/api.w.org\/{rel}","templated":true}]}}